{"id":19471,"date":"2025-07-03T17:25:31","date_gmt":"2025-07-03T15:25:31","guid":{"rendered":"https:\/\/wgphoto.pl\/t\/?p=19471"},"modified":"2025-07-03T17:25:31","modified_gmt":"2025-07-03T15:25:31","slug":"nie-robcie-nam-tu-szwajcarii","status":"publish","type":"post","link":"https:\/\/wgphoto.pl\/t\/?p=19471","title":{"rendered":"Nie r\u00f3bcie nam tu Szwajcarii"},"content":{"rendered":"\n<figure class=\"wp-block-image aligncenter size-full\"><img loading=\"lazy\" decoding=\"async\" width=\"1200\" height=\"795\" src=\"https:\/\/wgphoto.pl\/t\/wp-content\/uploads\/2025\/07\/0725-28_rsn.jpg\" alt=\"\" class=\"wp-image-19472\" srcset=\"https:\/\/wgphoto.pl\/t\/wp-content\/uploads\/2025\/07\/0725-28_rsn.jpg 1200w, https:\/\/wgphoto.pl\/t\/wp-content\/uploads\/2025\/07\/0725-28_rsn-300x199.jpg 300w, https:\/\/wgphoto.pl\/t\/wp-content\/uploads\/2025\/07\/0725-28_rsn-768x509.jpg 768w\" sizes=\"auto, (max-width: 1200px) 100vw, 1200px\" \/><\/figure>\n\n\n\n<div class=\"wp-block-group has-global-padding is-layout-constrained wp-block-group-is-layout-constrained\">\n<p>Jednostka 524.001 odje\u017cd\u017ca z Wroc\u0142awia G\u0142\u00f3wnego do Obornik \u015al\u0105skich. Nie zanotowa\u0142em \u017cadnych dodatkowych informacji na temat tego przejazdu specjalnego. 31.08.2007<\/p>\n<\/div>\n","protected":false},"excerpt":{"rendered":"<p>Jednostka 524.001 odje\u017cd\u017ca z Wroc\u0142awia G\u0142\u00f3wnego do Obornik \u015al\u0105skich. Nie zanotowa\u0142em \u017cadnych dodatkowych informacji na temat tego przejazdu specjalnego. 31.08.2007<\/p>\n","protected":false},"author":1,"featured_media":19472,"comment_status":"open","ping_status":"","sticky":false,"template":"","format":"standard","meta":{"footnotes":""},"categories":[62,2,96],"tags":[1516,179,27,202,204,190,4150,41,180],"class_list":["post-19471","post","type-post","status-publish","format-standard","has-post-thumbnail","hentry","category-analog","category-kolej","category-rok-2007","tag-2007-08-31","tag-hala-peronowa","tag-polska","tag-specjalny","tag-stadler-flirt","tag-tab-pl330","tag-tilo","tag-wroclaw","tag-wroclaw-glowny"],"_links":{"self":[{"href":"https:\/\/wgphoto.pl\/t\/index.php?rest_route=\/wp\/v2\/posts\/19471","targetHints":{"allow":["GET"]}}],"collection":[{"href":"https:\/\/wgphoto.pl\/t\/index.php?rest_route=\/wp\/v2\/posts"}],"about":[{"href":"https:\/\/wgphoto.pl\/t\/index.php?rest_route=\/wp\/v2\/types\/post"}],"author":[{"embeddable":true,"href":"https:\/\/wgphoto.pl\/t\/index.php?rest_route=\/wp\/v2\/users\/1"}],"replies":[{"embeddable":true,"href":"https:\/\/wgphoto.pl\/t\/index.php?rest_route=%2Fwp%2Fv2%2Fcomments&post=19471"}],"version-history":[{"count":1,"href":"https:\/\/wgphoto.pl\/t\/index.php?rest_route=\/wp\/v2\/posts\/19471\/revisions"}],"predecessor-version":[{"id":19473,"href":"https:\/\/wgphoto.pl\/t\/index.php?rest_route=\/wp\/v2\/posts\/19471\/revisions\/19473"}],"wp:featuredmedia":[{"embeddable":true,"href":"https:\/\/wgphoto.pl\/t\/index.php?rest_route=\/wp\/v2\/media\/19472"}],"wp:attachment":[{"href":"https:\/\/wgphoto.pl\/t\/index.php?rest_route=%2Fwp%2Fv2%2Fmedia&parent=19471"}],"wp:term":[{"taxonomy":"category","embeddable":true,"href":"https:\/\/wgphoto.pl\/t\/index.php?rest_route=%2Fwp%2Fv2%2Fcategories&post=19471"},{"taxonomy":"post_tag","embeddable":true,"href":"https:\/\/wgphoto.pl\/t\/index.php?rest_route=%2Fwp%2Fv2%2Ftags&post=19471"}],"curies":[{"name":"wp","href":"https:\/\/api.w.org\/{rel}","templated":true}]}}