{"id":19474,"date":"2025-07-03T17:26:19","date_gmt":"2025-07-03T15:26:19","guid":{"rendered":"https:\/\/wgphoto.pl\/t\/?p=19474"},"modified":"2025-07-03T17:26:19","modified_gmt":"2025-07-03T15:26:19","slug":"kt4d-28","status":"publish","type":"post","link":"https:\/\/wgphoto.pl\/t\/?p=19474","title":{"rendered":"KT4D 28"},"content":{"rendered":"\n<figure class=\"wp-block-image aligncenter size-full\"><img loading=\"lazy\" decoding=\"async\" width=\"1200\" height=\"900\" src=\"https:\/\/wgphoto.pl\/t\/wp-content\/uploads\/2025\/07\/IMGP6420-1.jpg\" alt=\"\" class=\"wp-image-19475\" srcset=\"https:\/\/wgphoto.pl\/t\/wp-content\/uploads\/2025\/07\/IMGP6420-1.jpg 1200w, https:\/\/wgphoto.pl\/t\/wp-content\/uploads\/2025\/07\/IMGP6420-1-300x225.jpg 300w, https:\/\/wgphoto.pl\/t\/wp-content\/uploads\/2025\/07\/IMGP6420-1-768x576.jpg 768w\" sizes=\"auto, (max-width: 1200px) 100vw, 1200px\" \/><\/figure>\n\n\n\n<div class=\"wp-block-group has-global-padding is-layout-constrained wp-block-group-is-layout-constrained\">\n<p>Tatra KT4D 28 skr\u0119ca ze Strady Horea w Strad\u0119 George Bari\u021biu w Klu\u017cu-Napoce. Wagon zaledwie przez 13 lat je\u017adzi\u0142 w Berlinie. Od 1999 do 2020 s\u0142u\u017cy\u0142 w Rumunii, wci\u0105\u017c przypominaj\u0105c swoimi barwami (zapewne nie raz odnawianymi) o poprzednim w\u0142a\u015bcicielu. 21.10.2019<\/p>\n<\/div>\n","protected":false},"excerpt":{"rendered":"<p>Tatra KT4D 28 skr\u0119ca ze Strady Horea w Strad\u0119 George Bari\u021biu w Klu\u017cu-Napoce. Wagon zaledwie przez 13 lat je\u017adzi\u0142 w Berlinie. Od 1999 do 2020 s\u0142u\u017cy\u0142 w Rumunii, wci\u0105\u017c przypominaj\u0105c swoimi barwami (zapewne nie raz odnawianymi) o poprzednim w\u0142a\u015bcicielu. 21.10.2019<\/p>\n","protected":false},"author":1,"featured_media":19475,"comment_status":"open","ping_status":"","sticky":false,"template":"","format":"standard","meta":{"footnotes":""},"categories":[136,3],"tags":[1498,34,1500,574,33,575],"class_list":["post-19474","post","type-post","status-publish","format-standard","has-post-thumbnail","hentry","category-rok-2019","category-tramwaj","tag-2019-10-21","tag-architektura","tag-cluj-napoca","tag-rumunia","tag-tatra-kt4","tag-wakacje-2019"],"_links":{"self":[{"href":"https:\/\/wgphoto.pl\/t\/index.php?rest_route=\/wp\/v2\/posts\/19474","targetHints":{"allow":["GET"]}}],"collection":[{"href":"https:\/\/wgphoto.pl\/t\/index.php?rest_route=\/wp\/v2\/posts"}],"about":[{"href":"https:\/\/wgphoto.pl\/t\/index.php?rest_route=\/wp\/v2\/types\/post"}],"author":[{"embeddable":true,"href":"https:\/\/wgphoto.pl\/t\/index.php?rest_route=\/wp\/v2\/users\/1"}],"replies":[{"embeddable":true,"href":"https:\/\/wgphoto.pl\/t\/index.php?rest_route=%2Fwp%2Fv2%2Fcomments&post=19474"}],"version-history":[{"count":1,"href":"https:\/\/wgphoto.pl\/t\/index.php?rest_route=\/wp\/v2\/posts\/19474\/revisions"}],"predecessor-version":[{"id":19476,"href":"https:\/\/wgphoto.pl\/t\/index.php?rest_route=\/wp\/v2\/posts\/19474\/revisions\/19476"}],"wp:featuredmedia":[{"embeddable":true,"href":"https:\/\/wgphoto.pl\/t\/index.php?rest_route=\/wp\/v2\/media\/19475"}],"wp:attachment":[{"href":"https:\/\/wgphoto.pl\/t\/index.php?rest_route=%2Fwp%2Fv2%2Fmedia&parent=19474"}],"wp:term":[{"taxonomy":"category","embeddable":true,"href":"https:\/\/wgphoto.pl\/t\/index.php?rest_route=%2Fwp%2Fv2%2Fcategories&post=19474"},{"taxonomy":"post_tag","embeddable":true,"href":"https:\/\/wgphoto.pl\/t\/index.php?rest_route=%2Fwp%2Fv2%2Ftags&post=19474"}],"curies":[{"name":"wp","href":"https:\/\/api.w.org\/{rel}","templated":true}]}}