{"id":1948,"date":"2024-10-07T17:04:32","date_gmt":"2024-10-07T15:04:32","guid":{"rendered":"https:\/\/wgphoto.pl\/t\/?p=1948"},"modified":"2025-01-23T21:13:18","modified_gmt":"2025-01-23T20:13:18","slug":"koniec-trasy-2","status":"publish","type":"post","link":"https:\/\/wgphoto.pl\/t\/?p=1948","title":{"rendered":"Koniec trasy"},"content":{"rendered":"\n<figure class=\"wp-block-image aligncenter size-full\"><img loading=\"lazy\" decoding=\"async\" width=\"1200\" height=\"796\" src=\"https:\/\/wgphoto.pl\/t\/wp-content\/uploads\/2024\/10\/IMGP8088.jpg\" alt=\"\" class=\"wp-image-1949\" srcset=\"https:\/\/wgphoto.pl\/t\/wp-content\/uploads\/2024\/10\/IMGP8088.jpg 1200w, https:\/\/wgphoto.pl\/t\/wp-content\/uploads\/2024\/10\/IMGP8088-300x199.jpg 300w, https:\/\/wgphoto.pl\/t\/wp-content\/uploads\/2024\/10\/IMGP8088-768x509.jpg 768w\" sizes=\"auto, (max-width: 1200px) 100vw, 1200px\" \/><\/figure>\n\n\n\n<div class=\"wp-block-group has-global-padding is-layout-constrained wp-block-group-is-layout-constrained\">\n<p>Ko\u0144cowa stacja w Pireusie. Foto jest troch\u0119 &#8222;nietransportowe&#8221;, ale spodoba\u0142o mi si\u0119 na tyle (szczeg\u00f3lnie \u015bwiat\u0142o reflektor\u00f3w z prawej), \u017ce postanowi\u0142em je tutaj wrzuci\u0107. Ca\u0142a seryjka trafi\u0142a na blo. 06.11.2014<\/p>\n<\/div>\n","protected":false},"excerpt":{"rendered":"<p>Ko\u0144cowa stacja w Pireusie. Foto jest troch\u0119 &#8222;nietransportowe&#8221;, ale spodoba\u0142o mi si\u0119 na tyle (szczeg\u00f3lnie \u015bwiat\u0142o reflektor\u00f3w z prawej), \u017ce postanowi\u0142em je tutaj wrzuci\u0107. Ca\u0142a seryjka trafi\u0142a na blo. 06.11.2014<\/p>\n","protected":false},"author":1,"featured_media":1949,"comment_status":"open","ping_status":"","sticky":false,"template":"","format":"standard","meta":{"footnotes":""},"categories":[220,4,48],"tags":[1016,1015,1014,179,151,3025,24,2067,223,1017],"class_list":["post-1948","post","type-post","status-publish","format-standard","has-post-thumbnail","hentry","category-blo","category-metro","category-rok-2014","tag-2014-11-06","tag-ateny","tag-grecja","tag-hala-peronowa","tag-ludzie","tag-metro-ateny","tag-perony","tag-pireus","tag-symetria","tag-1017"],"_links":{"self":[{"href":"https:\/\/wgphoto.pl\/t\/index.php?rest_route=\/wp\/v2\/posts\/1948","targetHints":{"allow":["GET"]}}],"collection":[{"href":"https:\/\/wgphoto.pl\/t\/index.php?rest_route=\/wp\/v2\/posts"}],"about":[{"href":"https:\/\/wgphoto.pl\/t\/index.php?rest_route=\/wp\/v2\/types\/post"}],"author":[{"embeddable":true,"href":"https:\/\/wgphoto.pl\/t\/index.php?rest_route=\/wp\/v2\/users\/1"}],"replies":[{"embeddable":true,"href":"https:\/\/wgphoto.pl\/t\/index.php?rest_route=%2Fwp%2Fv2%2Fcomments&post=1948"}],"version-history":[{"count":1,"href":"https:\/\/wgphoto.pl\/t\/index.php?rest_route=\/wp\/v2\/posts\/1948\/revisions"}],"predecessor-version":[{"id":1950,"href":"https:\/\/wgphoto.pl\/t\/index.php?rest_route=\/wp\/v2\/posts\/1948\/revisions\/1950"}],"wp:featuredmedia":[{"embeddable":true,"href":"https:\/\/wgphoto.pl\/t\/index.php?rest_route=\/wp\/v2\/media\/1949"}],"wp:attachment":[{"href":"https:\/\/wgphoto.pl\/t\/index.php?rest_route=%2Fwp%2Fv2%2Fmedia&parent=1948"}],"wp:term":[{"taxonomy":"category","embeddable":true,"href":"https:\/\/wgphoto.pl\/t\/index.php?rest_route=%2Fwp%2Fv2%2Fcategories&post=1948"},{"taxonomy":"post_tag","embeddable":true,"href":"https:\/\/wgphoto.pl\/t\/index.php?rest_route=%2Fwp%2Fv2%2Ftags&post=1948"}],"curies":[{"name":"wp","href":"https:\/\/api.w.org\/{rel}","templated":true}]}}