{"id":19486,"date":"2025-07-03T17:29:45","date_gmt":"2025-07-03T15:29:45","guid":{"rendered":"https:\/\/wgphoto.pl\/t\/?p=19486"},"modified":"2025-07-03T17:29:45","modified_gmt":"2025-07-03T15:29:45","slug":"eu07-105","status":"publish","type":"post","link":"https:\/\/wgphoto.pl\/t\/?p=19486","title":{"rendered":"EU07-105"},"content":{"rendered":"\n<figure class=\"wp-block-image aligncenter size-full\"><img loading=\"lazy\" decoding=\"async\" width=\"1300\" height=\"862\" src=\"https:\/\/wgphoto.pl\/t\/wp-content\/uploads\/2025\/07\/2002o-10.jpg\" alt=\"\" class=\"wp-image-19487\" srcset=\"https:\/\/wgphoto.pl\/t\/wp-content\/uploads\/2025\/07\/2002o-10.jpg 1300w, https:\/\/wgphoto.pl\/t\/wp-content\/uploads\/2025\/07\/2002o-10-300x199.jpg 300w, https:\/\/wgphoto.pl\/t\/wp-content\/uploads\/2025\/07\/2002o-10-768x509.jpg 768w\" sizes=\"auto, (max-width: 1300px) 100vw, 1300px\" \/><\/figure>\n\n\n\n<div class=\"wp-block-group has-global-padding is-layout-constrained wp-block-group-is-layout-constrained\">\n<p>EU07-105 z CM Pozna\u0144 z poci\u0105giem osobowym 67935 z Wroc\u0142awia G\u0142. do Poznania G\u0142. przemierza odcinek Wroc\u0142aw Osobowice &#8211; Wroc\u0142aw \u015awiniary. 30.06.2002<\/p>\n<\/div>\n","protected":false},"excerpt":{"rendered":"<p>EU07-105 z CM Pozna\u0144 z poci\u0105giem osobowym 67935 z Wroc\u0142awia G\u0142. do Poznania G\u0142. przemierza odcinek Wroc\u0142aw Osobowice &#8211; Wroc\u0142aw \u015awiniary. 30.06.2002<\/p>\n","protected":false},"author":1,"featured_media":19487,"comment_status":"open","ping_status":"","sticky":false,"template":"","format":"standard","meta":{"footnotes":""},"categories":[62,2,577],"tags":[4005,283,122,63,27,190,41,191,843],"class_list":["post-19486","post","type-post","status-publish","format-standard","has-post-thumbnail","hentry","category-analog","category-kolej","category-rok-2002","tag-2002-06-30","tag-bdhpmnu","tag-eu07","tag-pkp","tag-polska","tag-tab-pl330","tag-wroclaw","tag-wroclaw-osobowice","tag-wroclaw-swiniary"],"_links":{"self":[{"href":"https:\/\/wgphoto.pl\/t\/index.php?rest_route=\/wp\/v2\/posts\/19486","targetHints":{"allow":["GET"]}}],"collection":[{"href":"https:\/\/wgphoto.pl\/t\/index.php?rest_route=\/wp\/v2\/posts"}],"about":[{"href":"https:\/\/wgphoto.pl\/t\/index.php?rest_route=\/wp\/v2\/types\/post"}],"author":[{"embeddable":true,"href":"https:\/\/wgphoto.pl\/t\/index.php?rest_route=\/wp\/v2\/users\/1"}],"replies":[{"embeddable":true,"href":"https:\/\/wgphoto.pl\/t\/index.php?rest_route=%2Fwp%2Fv2%2Fcomments&post=19486"}],"version-history":[{"count":1,"href":"https:\/\/wgphoto.pl\/t\/index.php?rest_route=\/wp\/v2\/posts\/19486\/revisions"}],"predecessor-version":[{"id":19488,"href":"https:\/\/wgphoto.pl\/t\/index.php?rest_route=\/wp\/v2\/posts\/19486\/revisions\/19488"}],"wp:featuredmedia":[{"embeddable":true,"href":"https:\/\/wgphoto.pl\/t\/index.php?rest_route=\/wp\/v2\/media\/19487"}],"wp:attachment":[{"href":"https:\/\/wgphoto.pl\/t\/index.php?rest_route=%2Fwp%2Fv2%2Fmedia&parent=19486"}],"wp:term":[{"taxonomy":"category","embeddable":true,"href":"https:\/\/wgphoto.pl\/t\/index.php?rest_route=%2Fwp%2Fv2%2Fcategories&post=19486"},{"taxonomy":"post_tag","embeddable":true,"href":"https:\/\/wgphoto.pl\/t\/index.php?rest_route=%2Fwp%2Fv2%2Ftags&post=19486"}],"curies":[{"name":"wp","href":"https:\/\/api.w.org\/{rel}","templated":true}]}}