{"id":19492,"date":"2025-07-03T17:31:20","date_gmt":"2025-07-03T15:31:20","guid":{"rendered":"https:\/\/wgphoto.pl\/t\/?p=19492"},"modified":"2025-07-03T17:31:20","modified_gmt":"2025-07-03T15:31:20","slug":"eu07-036-2","status":"publish","type":"post","link":"https:\/\/wgphoto.pl\/t\/?p=19492","title":{"rendered":"EU07-036"},"content":{"rendered":"\n<figure class=\"wp-block-image aligncenter size-full\"><img loading=\"lazy\" decoding=\"async\" width=\"1300\" height=\"867\" src=\"https:\/\/wgphoto.pl\/t\/wp-content\/uploads\/2025\/07\/2001m-24_rsn.jpg\" alt=\"\" class=\"wp-image-19493\" srcset=\"https:\/\/wgphoto.pl\/t\/wp-content\/uploads\/2025\/07\/2001m-24_rsn.jpg 1300w, https:\/\/wgphoto.pl\/t\/wp-content\/uploads\/2025\/07\/2001m-24_rsn-300x200.jpg 300w, https:\/\/wgphoto.pl\/t\/wp-content\/uploads\/2025\/07\/2001m-24_rsn-768x512.jpg 768w\" sizes=\"auto, (max-width: 1300px) 100vw, 1300px\" \/><\/figure>\n\n\n\n<div class=\"wp-block-group has-global-padding is-layout-constrained wp-block-group-is-layout-constrained\">\n<p>EU07-036 nied\u0142ugo po naprawie rewizyjnej w ZNLE Gliwice, w typowych barwach dla tego zak\u0142adu. Maszyna czeka w Jaworzynie \u015al\u0105skiej na pospieszn\u0105 &#8222;\u015anie\u017ck\u0119&#8221; z Krakowa przez Nys\u0119 i Kamieniec Z\u0105bkowicki, kt\u00f3r\u0105 zawiezie do Jeleniej G\u00f3ry. 02.07.2001<\/p>\n<\/div>\n","protected":false},"excerpt":{"rendered":"<p>EU07-036 nied\u0142ugo po naprawie rewizyjnej w ZNLE Gliwice, w typowych barwach dla tego zak\u0142adu. Maszyna czeka w Jaworzynie \u015al\u0105skiej na pospieszn\u0105 &#8222;\u015anie\u017ck\u0119&#8221; z Krakowa przez Nys\u0119 i Kamieniec Z\u0105bkowicki, kt\u00f3r\u0105 zawiezie do Jeleniej G\u00f3ry. 02.07.2001<\/p>\n","protected":false},"author":1,"featured_media":19493,"comment_status":"open","ping_status":"","sticky":false,"template":"","format":"standard","meta":{"footnotes":""},"categories":[62,2,940],"tags":[4152,122,366,63,27],"class_list":["post-19492","post","type-post","status-publish","format-standard","has-post-thumbnail","hentry","category-analog","category-kolej","category-rok-2001","tag-2001-07-02","tag-eu07","tag-jaworzyna-slaska","tag-pkp","tag-polska"],"_links":{"self":[{"href":"https:\/\/wgphoto.pl\/t\/index.php?rest_route=\/wp\/v2\/posts\/19492","targetHints":{"allow":["GET"]}}],"collection":[{"href":"https:\/\/wgphoto.pl\/t\/index.php?rest_route=\/wp\/v2\/posts"}],"about":[{"href":"https:\/\/wgphoto.pl\/t\/index.php?rest_route=\/wp\/v2\/types\/post"}],"author":[{"embeddable":true,"href":"https:\/\/wgphoto.pl\/t\/index.php?rest_route=\/wp\/v2\/users\/1"}],"replies":[{"embeddable":true,"href":"https:\/\/wgphoto.pl\/t\/index.php?rest_route=%2Fwp%2Fv2%2Fcomments&post=19492"}],"version-history":[{"count":1,"href":"https:\/\/wgphoto.pl\/t\/index.php?rest_route=\/wp\/v2\/posts\/19492\/revisions"}],"predecessor-version":[{"id":19494,"href":"https:\/\/wgphoto.pl\/t\/index.php?rest_route=\/wp\/v2\/posts\/19492\/revisions\/19494"}],"wp:featuredmedia":[{"embeddable":true,"href":"https:\/\/wgphoto.pl\/t\/index.php?rest_route=\/wp\/v2\/media\/19493"}],"wp:attachment":[{"href":"https:\/\/wgphoto.pl\/t\/index.php?rest_route=%2Fwp%2Fv2%2Fmedia&parent=19492"}],"wp:term":[{"taxonomy":"category","embeddable":true,"href":"https:\/\/wgphoto.pl\/t\/index.php?rest_route=%2Fwp%2Fv2%2Fcategories&post=19492"},{"taxonomy":"post_tag","embeddable":true,"href":"https:\/\/wgphoto.pl\/t\/index.php?rest_route=%2Fwp%2Fv2%2Ftags&post=19492"}],"curies":[{"name":"wp","href":"https:\/\/api.w.org\/{rel}","templated":true}]}}