{"id":19507,"date":"2025-07-03T17:35:34","date_gmt":"2025-07-03T15:35:34","guid":{"rendered":"https:\/\/wgphoto.pl\/t\/?p=19507"},"modified":"2025-07-03T17:35:34","modified_gmt":"2025-07-03T15:35:34","slug":"uzdrowiskowy-tramwaj","status":"publish","type":"post","link":"https:\/\/wgphoto.pl\/t\/?p=19507","title":{"rendered":"Uzdrowiskowy tramwaj"},"content":{"rendered":"\n<figure class=\"wp-block-image aligncenter size-full\"><img loading=\"lazy\" decoding=\"async\" width=\"1300\" height=\"861\" src=\"https:\/\/wgphoto.pl\/t\/wp-content\/uploads\/2025\/07\/IMGP9025.jpg\" alt=\"\" class=\"wp-image-19508\" srcset=\"https:\/\/wgphoto.pl\/t\/wp-content\/uploads\/2025\/07\/IMGP9025.jpg 1300w, https:\/\/wgphoto.pl\/t\/wp-content\/uploads\/2025\/07\/IMGP9025-300x199.jpg 300w, https:\/\/wgphoto.pl\/t\/wp-content\/uploads\/2025\/07\/IMGP9025-768x509.jpg 768w\" sizes=\"auto, (max-width: 1300px) 100vw, 1300px\" \/><\/figure>\n\n\n\n<div class=\"wp-block-group has-global-padding is-layout-constrained wp-block-group-is-layout-constrained\">\n<p>Bad Wildbad, K\u00f6nig-Karl-Stra\u00dfe. GT8-100D 920 ko\u0144czy kurs linii S6 jad\u0105c kurortowym deptakiem pod &#8222;tramwajowym&#8221; napi\u0119ciem, jednak wcze\u015bniejsze 30 min jazdy (i zapewne podobna liczba kilometr\u00f3w) z Pforzheim Hbf do stacji Bad Wildbad nast\u0105pi\u0142o wed\u0142ug standard\u00f3w &#8222;kolejowych&#8221;. 22.08.2022<\/p>\n<\/div>\n","protected":false},"excerpt":{"rendered":"<p>Bad Wildbad, K\u00f6nig-Karl-Stra\u00dfe. GT8-100D 920 ko\u0144czy kurs linii S6 jad\u0105c kurortowym deptakiem pod &#8222;tramwajowym&#8221; napi\u0119ciem, jednak wcze\u015bniejsze 30 min jazdy (i zapewne podobna liczba kilometr\u00f3w) z Pforzheim Hbf do stacji Bad Wildbad nast\u0105pi\u0142o wed\u0142ug standard\u00f3w &#8222;kolejowych&#8221;. 22.08.2022<\/p>\n","protected":false},"author":1,"featured_media":19508,"comment_status":"open","ping_status":"","sticky":false,"template":"","format":"standard","meta":{"footnotes":""},"categories":[669,3],"tags":[1285,1282,2754,4157,239,114,3874,23,73,3696,1153],"class_list":["post-19507","post","type-post","status-publish","format-standard","has-post-thumbnail","hentry","category-rok-2022","category-tramwaj","tag-2022-08-22","tag-9-euro-ticket-2022","tag-avg-karlsruhe","tag-bad-wildbad","tag-deptak","tag-gory","tag-gt8-100","tag-niemcy","tag-rzeka","tag-stadtbahn-karlsruhe","tag-tramwaj-regionalny"],"_links":{"self":[{"href":"https:\/\/wgphoto.pl\/t\/index.php?rest_route=\/wp\/v2\/posts\/19507","targetHints":{"allow":["GET"]}}],"collection":[{"href":"https:\/\/wgphoto.pl\/t\/index.php?rest_route=\/wp\/v2\/posts"}],"about":[{"href":"https:\/\/wgphoto.pl\/t\/index.php?rest_route=\/wp\/v2\/types\/post"}],"author":[{"embeddable":true,"href":"https:\/\/wgphoto.pl\/t\/index.php?rest_route=\/wp\/v2\/users\/1"}],"replies":[{"embeddable":true,"href":"https:\/\/wgphoto.pl\/t\/index.php?rest_route=%2Fwp%2Fv2%2Fcomments&post=19507"}],"version-history":[{"count":1,"href":"https:\/\/wgphoto.pl\/t\/index.php?rest_route=\/wp\/v2\/posts\/19507\/revisions"}],"predecessor-version":[{"id":19509,"href":"https:\/\/wgphoto.pl\/t\/index.php?rest_route=\/wp\/v2\/posts\/19507\/revisions\/19509"}],"wp:featuredmedia":[{"embeddable":true,"href":"https:\/\/wgphoto.pl\/t\/index.php?rest_route=\/wp\/v2\/media\/19508"}],"wp:attachment":[{"href":"https:\/\/wgphoto.pl\/t\/index.php?rest_route=%2Fwp%2Fv2%2Fmedia&parent=19507"}],"wp:term":[{"taxonomy":"category","embeddable":true,"href":"https:\/\/wgphoto.pl\/t\/index.php?rest_route=%2Fwp%2Fv2%2Fcategories&post=19507"},{"taxonomy":"post_tag","embeddable":true,"href":"https:\/\/wgphoto.pl\/t\/index.php?rest_route=%2Fwp%2Fv2%2Ftags&post=19507"}],"curies":[{"name":"wp","href":"https:\/\/api.w.org\/{rel}","templated":true}]}}