{"id":19567,"date":"2025-07-05T13:14:52","date_gmt":"2025-07-05T11:14:52","guid":{"rendered":"https:\/\/wgphoto.pl\/t\/?p=19567"},"modified":"2025-07-05T13:14:52","modified_gmt":"2025-07-05T11:14:52","slug":"duet-su45","status":"publish","type":"post","link":"https:\/\/wgphoto.pl\/t\/?p=19567","title":{"rendered":"Duet SU45"},"content":{"rendered":"\n<figure class=\"wp-block-image aligncenter size-full\"><img loading=\"lazy\" decoding=\"async\" width=\"1300\" height=\"861\" src=\"https:\/\/wgphoto.pl\/t\/wp-content\/uploads\/2025\/07\/0322-21_rsn.jpg\" alt=\"\" class=\"wp-image-19568\" srcset=\"https:\/\/wgphoto.pl\/t\/wp-content\/uploads\/2025\/07\/0322-21_rsn.jpg 1300w, https:\/\/wgphoto.pl\/t\/wp-content\/uploads\/2025\/07\/0322-21_rsn-300x199.jpg 300w, https:\/\/wgphoto.pl\/t\/wp-content\/uploads\/2025\/07\/0322-21_rsn-768x509.jpg 768w\" sizes=\"auto, (max-width: 1300px) 100vw, 1300px\" \/><\/figure>\n\n\n\n<div class=\"wp-block-group has-global-padding is-layout-constrained wp-block-group-is-layout-constrained\">\n<p>Wrak SU45-135 z dok\u0142adnie usuni\u0119tymi oznaczeniami (gdy\u017c maszyn\u0119 z tym numerem, ale podmienionym pud\u0142em, spotka\u0142em tego dnia w ruchu) i SU45-228 w lokomotywowni Lublin. 15.07.2003<\/p>\n<\/div>\n","protected":false},"excerpt":{"rendered":"<p>Wrak SU45-135 z dok\u0142adnie usuni\u0119tymi oznaczeniami (gdy\u017c maszyn\u0119 z tym numerem, ale podmienionym pud\u0142em, spotka\u0142em tego dnia w ruchu) i SU45-228 w lokomotywowni Lublin. 15.07.2003<\/p>\n","protected":false},"author":1,"featured_media":19568,"comment_status":"open","ping_status":"","sticky":false,"template":"","format":"standard","meta":{"footnotes":""},"categories":[62,2,149],"tags":[2719,359,2720,63,27,290],"class_list":["post-19567","post","type-post","status-publish","format-standard","has-post-thumbnail","hentry","category-analog","category-kolej","category-rok-2003","tag-2003-07-15","tag-lokomotywownia","tag-lublin","tag-pkp","tag-polska","tag-su45"],"_links":{"self":[{"href":"https:\/\/wgphoto.pl\/t\/index.php?rest_route=\/wp\/v2\/posts\/19567","targetHints":{"allow":["GET"]}}],"collection":[{"href":"https:\/\/wgphoto.pl\/t\/index.php?rest_route=\/wp\/v2\/posts"}],"about":[{"href":"https:\/\/wgphoto.pl\/t\/index.php?rest_route=\/wp\/v2\/types\/post"}],"author":[{"embeddable":true,"href":"https:\/\/wgphoto.pl\/t\/index.php?rest_route=\/wp\/v2\/users\/1"}],"replies":[{"embeddable":true,"href":"https:\/\/wgphoto.pl\/t\/index.php?rest_route=%2Fwp%2Fv2%2Fcomments&post=19567"}],"version-history":[{"count":1,"href":"https:\/\/wgphoto.pl\/t\/index.php?rest_route=\/wp\/v2\/posts\/19567\/revisions"}],"predecessor-version":[{"id":19569,"href":"https:\/\/wgphoto.pl\/t\/index.php?rest_route=\/wp\/v2\/posts\/19567\/revisions\/19569"}],"wp:featuredmedia":[{"embeddable":true,"href":"https:\/\/wgphoto.pl\/t\/index.php?rest_route=\/wp\/v2\/media\/19568"}],"wp:attachment":[{"href":"https:\/\/wgphoto.pl\/t\/index.php?rest_route=%2Fwp%2Fv2%2Fmedia&parent=19567"}],"wp:term":[{"taxonomy":"category","embeddable":true,"href":"https:\/\/wgphoto.pl\/t\/index.php?rest_route=%2Fwp%2Fv2%2Fcategories&post=19567"},{"taxonomy":"post_tag","embeddable":true,"href":"https:\/\/wgphoto.pl\/t\/index.php?rest_route=%2Fwp%2Fv2%2Ftags&post=19567"}],"curies":[{"name":"wp","href":"https:\/\/api.w.org\/{rel}","templated":true}]}}