{"id":19588,"date":"2025-07-05T13:20:43","date_gmt":"2025-07-05T11:20:43","guid":{"rendered":"https:\/\/wgphoto.pl\/t\/?p=19588"},"modified":"2025-07-05T13:20:43","modified_gmt":"2025-07-05T11:20:43","slug":"sanislau","status":"publish","type":"post","link":"https:\/\/wgphoto.pl\/t\/?p=19588","title":{"rendered":"Sanisl\u0103u"},"content":{"rendered":"\n<figure class=\"wp-block-image aligncenter size-full\"><img loading=\"lazy\" decoding=\"async\" width=\"1300\" height=\"861\" src=\"https:\/\/wgphoto.pl\/t\/wp-content\/uploads\/2025\/07\/IMGP2718.jpg\" alt=\"\" class=\"wp-image-19589\" srcset=\"https:\/\/wgphoto.pl\/t\/wp-content\/uploads\/2025\/07\/IMGP2718.jpg 1300w, https:\/\/wgphoto.pl\/t\/wp-content\/uploads\/2025\/07\/IMGP2718-300x199.jpg 300w, https:\/\/wgphoto.pl\/t\/wp-content\/uploads\/2025\/07\/IMGP2718-768x509.jpg 768w\" sizes=\"auto, (max-width: 1300px) 100vw, 1300px\" \/><\/figure>\n\n\n\n<div class=\"wp-block-group has-global-padding is-layout-constrained wp-block-group-is-layout-constrained\">\n<p>Maszyna 82-016 z mi\u0119dzynarodowym poci\u0105giem Regio 6822 relacji Debrecen &#8211; Satu Mare zatrzymuje si\u0119 na stacji Sanisl\u0103u\/Szaniszl\u00f3 (na tablicy wydnieje nazwa dwuj\u0119zyczna, jak w bardzo wielu miejscowo\u015bciach Siedmiogrodu). 25.06.2023<\/p>\n<\/div>\n","protected":false},"excerpt":{"rendered":"<p>Maszyna 82-016 z mi\u0119dzynarodowym poci\u0105giem Regio 6822 relacji Debrecen &#8211; Satu Mare zatrzymuje si\u0119 na stacji Sanisl\u0103u\/Szaniszl\u00f3 (na tablicy wydnieje nazwa dwuj\u0119zyczna, jak w bardzo wielu miejscowo\u015bciach Siedmiogrodu). 25.06.2023<\/p>\n","protected":false},"author":1,"featured_media":19589,"comment_status":"open","ping_status":"","sticky":false,"template":"","format":"standard","meta":{"footnotes":""},"categories":[2,6],"tags":[4156,4164,4154,958,313,494,151,574,4165],"class_list":["post-19588","post","type-post","status-publish","format-standard","has-post-thumbnail","hentry","category-kolej","category-2023r","tag-2023-06-25","tag-4164","tag-buna-romania-2023","tag-cfr","tag-dyzurny","tag-flaga","tag-ludzie","tag-rumunia","tag-sanislau"],"_links":{"self":[{"href":"https:\/\/wgphoto.pl\/t\/index.php?rest_route=\/wp\/v2\/posts\/19588","targetHints":{"allow":["GET"]}}],"collection":[{"href":"https:\/\/wgphoto.pl\/t\/index.php?rest_route=\/wp\/v2\/posts"}],"about":[{"href":"https:\/\/wgphoto.pl\/t\/index.php?rest_route=\/wp\/v2\/types\/post"}],"author":[{"embeddable":true,"href":"https:\/\/wgphoto.pl\/t\/index.php?rest_route=\/wp\/v2\/users\/1"}],"replies":[{"embeddable":true,"href":"https:\/\/wgphoto.pl\/t\/index.php?rest_route=%2Fwp%2Fv2%2Fcomments&post=19588"}],"version-history":[{"count":1,"href":"https:\/\/wgphoto.pl\/t\/index.php?rest_route=\/wp\/v2\/posts\/19588\/revisions"}],"predecessor-version":[{"id":19590,"href":"https:\/\/wgphoto.pl\/t\/index.php?rest_route=\/wp\/v2\/posts\/19588\/revisions\/19590"}],"wp:featuredmedia":[{"embeddable":true,"href":"https:\/\/wgphoto.pl\/t\/index.php?rest_route=\/wp\/v2\/media\/19589"}],"wp:attachment":[{"href":"https:\/\/wgphoto.pl\/t\/index.php?rest_route=%2Fwp%2Fv2%2Fmedia&parent=19588"}],"wp:term":[{"taxonomy":"category","embeddable":true,"href":"https:\/\/wgphoto.pl\/t\/index.php?rest_route=%2Fwp%2Fv2%2Fcategories&post=19588"},{"taxonomy":"post_tag","embeddable":true,"href":"https:\/\/wgphoto.pl\/t\/index.php?rest_route=%2Fwp%2Fv2%2Ftags&post=19588"}],"curies":[{"name":"wp","href":"https:\/\/api.w.org\/{rel}","templated":true}]}}