{"id":19618,"date":"2025-07-05T13:31:13","date_gmt":"2025-07-05T11:31:13","guid":{"rendered":"https:\/\/wgphoto.pl\/t\/?p=19618"},"modified":"2025-07-05T13:31:13","modified_gmt":"2025-07-05T11:31:13","slug":"budapesztenski-poranek","status":"publish","type":"post","link":"https:\/\/wgphoto.pl\/t\/?p=19618","title":{"rendered":"Budapeszte\u0144ski poranek"},"content":{"rendered":"\n<figure class=\"wp-block-image aligncenter size-full\"><img loading=\"lazy\" decoding=\"async\" width=\"1200\" height=\"900\" src=\"https:\/\/wgphoto.pl\/t\/wp-content\/uploads\/2025\/07\/IMGP5437.jpg\" alt=\"\" class=\"wp-image-19619\" srcset=\"https:\/\/wgphoto.pl\/t\/wp-content\/uploads\/2025\/07\/IMGP5437.jpg 1200w, https:\/\/wgphoto.pl\/t\/wp-content\/uploads\/2025\/07\/IMGP5437-300x225.jpg 300w, https:\/\/wgphoto.pl\/t\/wp-content\/uploads\/2025\/07\/IMGP5437-768x576.jpg 768w\" sizes=\"auto, (max-width: 1200px) 100vw, 1200px\" \/><\/figure>\n\n\n\n<div class=\"wp-block-group has-global-padding is-layout-constrained wp-block-group-is-layout-constrained\">\n<p>Budapeszt, Erzs\u00e9bet k\u00f6r\u00fat. D\u0142uuugie Combino Supra NF12B nr 2034 mija rz\u0119dy reprezentacyjnych kamienic. W ci\u0105gu dnia jest tu zdecydowanie bardziej t\u0142oczno, dlatego wyszed\u0142em z hostelu w drodze na dworzec par\u0119 minut wcze\u015bniej, by wykorzysta\u0107 spok\u00f3j poranka. 19.06.2014<\/p>\n<\/div>\n","protected":false},"excerpt":{"rendered":"<p>Budapeszt, Erzs\u00e9bet k\u00f6r\u00fat. D\u0142uuugie Combino Supra NF12B nr 2034 mija rz\u0119dy reprezentacyjnych kamienic. W ci\u0105gu dnia jest tu zdecydowanie bardziej t\u0142oczno, dlatego wyszed\u0142em z hostelu w drodze na dworzec par\u0119 minut wcze\u015bniej, by wykorzysta\u0107 spok\u00f3j poranka. 19.06.2014<\/p>\n","protected":false},"author":1,"featured_media":19619,"comment_status":"open","ping_status":"","sticky":false,"template":"","format":"standard","meta":{"footnotes":""},"categories":[48,3],"tags":[1007,34,147,144,173,143,176,381,105],"class_list":["post-19618","post","type-post","status-publish","format-standard","has-post-thumbnail","hentry","category-rok-2014","category-tramwaj","tag-2014-06-19","tag-architektura","tag-bkv-budapest","tag-budapeszt","tag-koncowki","tag-ponad-30m","tag-rano","tag-siemens-combino","tag-wegry"],"_links":{"self":[{"href":"https:\/\/wgphoto.pl\/t\/index.php?rest_route=\/wp\/v2\/posts\/19618","targetHints":{"allow":["GET"]}}],"collection":[{"href":"https:\/\/wgphoto.pl\/t\/index.php?rest_route=\/wp\/v2\/posts"}],"about":[{"href":"https:\/\/wgphoto.pl\/t\/index.php?rest_route=\/wp\/v2\/types\/post"}],"author":[{"embeddable":true,"href":"https:\/\/wgphoto.pl\/t\/index.php?rest_route=\/wp\/v2\/users\/1"}],"replies":[{"embeddable":true,"href":"https:\/\/wgphoto.pl\/t\/index.php?rest_route=%2Fwp%2Fv2%2Fcomments&post=19618"}],"version-history":[{"count":1,"href":"https:\/\/wgphoto.pl\/t\/index.php?rest_route=\/wp\/v2\/posts\/19618\/revisions"}],"predecessor-version":[{"id":19620,"href":"https:\/\/wgphoto.pl\/t\/index.php?rest_route=\/wp\/v2\/posts\/19618\/revisions\/19620"}],"wp:featuredmedia":[{"embeddable":true,"href":"https:\/\/wgphoto.pl\/t\/index.php?rest_route=\/wp\/v2\/media\/19619"}],"wp:attachment":[{"href":"https:\/\/wgphoto.pl\/t\/index.php?rest_route=%2Fwp%2Fv2%2Fmedia&parent=19618"}],"wp:term":[{"taxonomy":"category","embeddable":true,"href":"https:\/\/wgphoto.pl\/t\/index.php?rest_route=%2Fwp%2Fv2%2Fcategories&post=19618"},{"taxonomy":"post_tag","embeddable":true,"href":"https:\/\/wgphoto.pl\/t\/index.php?rest_route=%2Fwp%2Fv2%2Ftags&post=19618"}],"curies":[{"name":"wp","href":"https:\/\/api.w.org\/{rel}","templated":true}]}}