{"id":19627,"date":"2025-07-05T14:00:04","date_gmt":"2025-07-05T12:00:04","guid":{"rendered":"https:\/\/wgphoto.pl\/t\/?p=19627"},"modified":"2025-07-05T14:00:04","modified_gmt":"2025-07-05T12:00:04","slug":"stankov","status":"publish","type":"post","link":"https:\/\/wgphoto.pl\/t\/?p=19627","title":{"rendered":"Sta\u0148kov"},"content":{"rendered":"\n<figure class=\"wp-block-image aligncenter size-full\"><img loading=\"lazy\" decoding=\"async\" width=\"1200\" height=\"803\" src=\"https:\/\/wgphoto.pl\/t\/wp-content\/uploads\/2025\/07\/IMGP0138.jpg\" alt=\"\" class=\"wp-image-19628\" srcset=\"https:\/\/wgphoto.pl\/t\/wp-content\/uploads\/2025\/07\/IMGP0138.jpg 1200w, https:\/\/wgphoto.pl\/t\/wp-content\/uploads\/2025\/07\/IMGP0138-300x201.jpg 300w, https:\/\/wgphoto.pl\/t\/wp-content\/uploads\/2025\/07\/IMGP0138-768x514.jpg 768w\" sizes=\"auto, (max-width: 1200px) 100vw, 1200px\" \/><\/figure>\n\n\n\n<div class=\"wp-block-group has-global-padding is-layout-constrained wp-block-group-is-layout-constrained\">\n<p>Nurek 754.060-2 z poci\u0105giem osobowym 7424 relacji Plze\u0148 hl.n. &#8211; Doma\u017elice zatrzymuje si\u0119 na stacji Sta\u0148kov. Nieco bajkowo wygl\u0105daj\u0105 te domki na g\u00f3rze w po\u0142\u0105czeniu z krzakami poro\u015bni\u0119tymi wiosennym kwieciem. 12.04.2011<\/p>\n<\/div>\n","protected":false},"excerpt":{"rendered":"<p>Nurek 754.060-2 z poci\u0105giem osobowym 7424 relacji Plze\u0148 hl.n. &#8211; Doma\u017elice zatrzymuje si\u0119 na stacji Sta\u0148kov. Nieco bajkowo wygl\u0105daj\u0105 te domki na g\u00f3rze w po\u0142\u0105czeniu z krzakami poro\u015bni\u0119tymi wiosennym kwieciem. 12.04.2011<\/p>\n","protected":false},"author":1,"featured_media":19628,"comment_status":"open","ping_status":"","sticky":false,"template":"","format":"standard","meta":{"footnotes":""},"categories":[2,77],"tags":[93,335,50,49,4170,2061],"class_list":["post-19627","post","type-post","status-publish","format-standard","has-post-thumbnail","hentry","category-kolej","category-rok-2011","tag-2011-04-12","tag-335","tag-cd","tag-czechy","tag-stankov","tag-tab-cz180"],"_links":{"self":[{"href":"https:\/\/wgphoto.pl\/t\/index.php?rest_route=\/wp\/v2\/posts\/19627","targetHints":{"allow":["GET"]}}],"collection":[{"href":"https:\/\/wgphoto.pl\/t\/index.php?rest_route=\/wp\/v2\/posts"}],"about":[{"href":"https:\/\/wgphoto.pl\/t\/index.php?rest_route=\/wp\/v2\/types\/post"}],"author":[{"embeddable":true,"href":"https:\/\/wgphoto.pl\/t\/index.php?rest_route=\/wp\/v2\/users\/1"}],"replies":[{"embeddable":true,"href":"https:\/\/wgphoto.pl\/t\/index.php?rest_route=%2Fwp%2Fv2%2Fcomments&post=19627"}],"version-history":[{"count":1,"href":"https:\/\/wgphoto.pl\/t\/index.php?rest_route=\/wp\/v2\/posts\/19627\/revisions"}],"predecessor-version":[{"id":19629,"href":"https:\/\/wgphoto.pl\/t\/index.php?rest_route=\/wp\/v2\/posts\/19627\/revisions\/19629"}],"wp:featuredmedia":[{"embeddable":true,"href":"https:\/\/wgphoto.pl\/t\/index.php?rest_route=\/wp\/v2\/media\/19628"}],"wp:attachment":[{"href":"https:\/\/wgphoto.pl\/t\/index.php?rest_route=%2Fwp%2Fv2%2Fmedia&parent=19627"}],"wp:term":[{"taxonomy":"category","embeddable":true,"href":"https:\/\/wgphoto.pl\/t\/index.php?rest_route=%2Fwp%2Fv2%2Fcategories&post=19627"},{"taxonomy":"post_tag","embeddable":true,"href":"https:\/\/wgphoto.pl\/t\/index.php?rest_route=%2Fwp%2Fv2%2Ftags&post=19627"}],"curies":[{"name":"wp","href":"https:\/\/api.w.org\/{rel}","templated":true}]}}