{"id":1963,"date":"2024-10-07T17:10:28","date_gmt":"2024-10-07T15:10:28","guid":{"rendered":"https:\/\/wgphoto.pl\/t\/?p=1963"},"modified":"2024-10-07T17:10:28","modified_gmt":"2024-10-07T15:10:28","slug":"tramwaj-pod-piramida","status":"publish","type":"post","link":"https:\/\/wgphoto.pl\/t\/?p=1963","title":{"rendered":"Tramwaj pod piramid\u0105"},"content":{"rendered":"\n<figure class=\"wp-block-image aligncenter size-full\"><img loading=\"lazy\" decoding=\"async\" width=\"1300\" height=\"731\" src=\"https:\/\/wgphoto.pl\/t\/wp-content\/uploads\/2024\/10\/IMGP8450.jpg\" alt=\"\" class=\"wp-image-1964\" srcset=\"https:\/\/wgphoto.pl\/t\/wp-content\/uploads\/2024\/10\/IMGP8450.jpg 1300w, https:\/\/wgphoto.pl\/t\/wp-content\/uploads\/2024\/10\/IMGP8450-300x169.jpg 300w, https:\/\/wgphoto.pl\/t\/wp-content\/uploads\/2024\/10\/IMGP8450-768x432.jpg 768w\" sizes=\"auto, (max-width: 1300px) 100vw, 1300px\" \/><\/figure>\n\n\n\n<div class=\"wp-block-group has-global-padding is-layout-constrained wp-block-group-is-layout-constrained\">\n<p>Rzym, Piazzale Ostiense. Nie trzeba jecha\u0107 do Egiptu \u017ceby zobaczy\u0107 staro\u017cytn\u0105 piramid\u0119, a Rzym ma t\u0119 zalet\u0119, \u017ce mo\u017cna do niej dojecha\u0107 tramwajem. Pojazd produkcji Fiata wje\u017cd\u017ca na ko\u0144cow\u0105 w\u00f3wczas p\u0119tl\u0119 linii 3, mijaj\u0105c piramid\u0119 Cestiusza z 12 r p.n.e. oraz bram\u0119 \u015aw. Paw\u0142a z III w n.e. 11.11.2014<\/p>\n<\/div>\n","protected":false},"excerpt":{"rendered":"<p>Rzym, Piazzale Ostiense. Nie trzeba jecha\u0107 do Egiptu \u017ceby zobaczy\u0107 staro\u017cytn\u0105 piramid\u0119, a Rzym ma t\u0119 zalet\u0119, \u017ce mo\u017cna do niej dojecha\u0107 tramwajem. Pojazd produkcji Fiata wje\u017cd\u017ca na ko\u0144cow\u0105 w\u00f3wczas p\u0119tl\u0119 linii 3, mijaj\u0105c piramid\u0119 Cestiusza z 12 r p.n.e. oraz bram\u0119 \u015aw. Paw\u0142a z III w n.e. 11.11.2014<\/p>\n","protected":false},"author":1,"featured_media":1964,"comment_status":"open","ping_status":"","sticky":false,"template":"","format":"standard","meta":{"footnotes":""},"categories":[48,3],"tags":[1032,34,1029,1030,1031,110],"class_list":["post-1963","post","type-post","status-publish","format-standard","has-post-thumbnail","hentry","category-rok-2014","category-tramwaj","tag-2014-11-11","tag-architektura","tag-atac-roma","tag-fiat-cityway-i","tag-rzym","tag-wlochy"],"_links":{"self":[{"href":"https:\/\/wgphoto.pl\/t\/index.php?rest_route=\/wp\/v2\/posts\/1963","targetHints":{"allow":["GET"]}}],"collection":[{"href":"https:\/\/wgphoto.pl\/t\/index.php?rest_route=\/wp\/v2\/posts"}],"about":[{"href":"https:\/\/wgphoto.pl\/t\/index.php?rest_route=\/wp\/v2\/types\/post"}],"author":[{"embeddable":true,"href":"https:\/\/wgphoto.pl\/t\/index.php?rest_route=\/wp\/v2\/users\/1"}],"replies":[{"embeddable":true,"href":"https:\/\/wgphoto.pl\/t\/index.php?rest_route=%2Fwp%2Fv2%2Fcomments&post=1963"}],"version-history":[{"count":1,"href":"https:\/\/wgphoto.pl\/t\/index.php?rest_route=\/wp\/v2\/posts\/1963\/revisions"}],"predecessor-version":[{"id":1965,"href":"https:\/\/wgphoto.pl\/t\/index.php?rest_route=\/wp\/v2\/posts\/1963\/revisions\/1965"}],"wp:featuredmedia":[{"embeddable":true,"href":"https:\/\/wgphoto.pl\/t\/index.php?rest_route=\/wp\/v2\/media\/1964"}],"wp:attachment":[{"href":"https:\/\/wgphoto.pl\/t\/index.php?rest_route=%2Fwp%2Fv2%2Fmedia&parent=1963"}],"wp:term":[{"taxonomy":"category","embeddable":true,"href":"https:\/\/wgphoto.pl\/t\/index.php?rest_route=%2Fwp%2Fv2%2Fcategories&post=1963"},{"taxonomy":"post_tag","embeddable":true,"href":"https:\/\/wgphoto.pl\/t\/index.php?rest_route=%2Fwp%2Fv2%2Ftags&post=1963"}],"curies":[{"name":"wp","href":"https:\/\/api.w.org\/{rel}","templated":true}]}}