{"id":19639,"date":"2025-07-05T14:03:22","date_gmt":"2025-07-05T12:03:22","guid":{"rendered":"https:\/\/wgphoto.pl\/t\/?p=19639"},"modified":"2025-07-05T14:03:22","modified_gmt":"2025-07-05T12:03:22","slug":"pociagiem-do-pragi-a-d-2020","status":"publish","type":"post","link":"https:\/\/wgphoto.pl\/t\/?p=19639","title":{"rendered":"Poci\u0105giem do Pragi A.D. 2020"},"content":{"rendered":"\n<figure class=\"wp-block-image aligncenter size-full\"><img loading=\"lazy\" decoding=\"async\" width=\"1300\" height=\"861\" src=\"https:\/\/wgphoto.pl\/t\/wp-content\/uploads\/2025\/07\/IMGP7577.jpg\" alt=\"\" class=\"wp-image-19640\" srcset=\"https:\/\/wgphoto.pl\/t\/wp-content\/uploads\/2025\/07\/IMGP7577.jpg 1300w, https:\/\/wgphoto.pl\/t\/wp-content\/uploads\/2025\/07\/IMGP7577-300x199.jpg 300w, https:\/\/wgphoto.pl\/t\/wp-content\/uploads\/2025\/07\/IMGP7577-768x509.jpg 768w\" sizes=\"auto, (max-width: 1300px) 100vw, 1300px\" \/><\/figure>\n\n\n\n<div class=\"wp-block-group has-global-padding is-layout-constrained wp-block-group-is-layout-constrained\">\n<p>Poci\u0105g do Pragi, uruchamiany przez KD w kooperacji z Leo Expressem i jad\u0105cy na polskim odcinku jako osobowy, na czeskim za\u015b jako IC, wkr\u00f3tce odjedzie z Wroc\u0142awia G\u0142\u00f3wnego. Sfotografowa\u0142em go jad\u0105c r\u00f3wnie\u017c do Czech, ale przez Zgorzelec i \u017bytaw\u0119. 09.02.2020<\/p>\n<\/div>\n","protected":false},"excerpt":{"rendered":"<p>Poci\u0105g do Pragi, uruchamiany przez KD w kooperacji z Leo Expressem i jad\u0105cy na polskim odcinku jako osobowy, na czeskim za\u015b jako IC, wkr\u00f3tce odjedzie z Wroc\u0142awia G\u0142\u00f3wnego. Sfotografowa\u0142em go jad\u0105c r\u00f3wnie\u017c do Czech, ale przez Zgorzelec i \u017bytaw\u0119. 09.02.2020<\/p>\n","protected":false},"author":1,"featured_media":19640,"comment_status":"open","ping_status":"","sticky":false,"template":"","format":"standard","meta":{"footnotes":""},"categories":[2,676],"tags":[1644,179,1940,27,204,41,180],"class_list":["post-19639","post","type-post","status-publish","format-standard","has-post-thumbnail","hentry","category-kolej","category-rok-2020","tag-2020-02-09","tag-hala-peronowa","tag-leo-express","tag-polska","tag-stadler-flirt","tag-wroclaw","tag-wroclaw-glowny"],"_links":{"self":[{"href":"https:\/\/wgphoto.pl\/t\/index.php?rest_route=\/wp\/v2\/posts\/19639","targetHints":{"allow":["GET"]}}],"collection":[{"href":"https:\/\/wgphoto.pl\/t\/index.php?rest_route=\/wp\/v2\/posts"}],"about":[{"href":"https:\/\/wgphoto.pl\/t\/index.php?rest_route=\/wp\/v2\/types\/post"}],"author":[{"embeddable":true,"href":"https:\/\/wgphoto.pl\/t\/index.php?rest_route=\/wp\/v2\/users\/1"}],"replies":[{"embeddable":true,"href":"https:\/\/wgphoto.pl\/t\/index.php?rest_route=%2Fwp%2Fv2%2Fcomments&post=19639"}],"version-history":[{"count":1,"href":"https:\/\/wgphoto.pl\/t\/index.php?rest_route=\/wp\/v2\/posts\/19639\/revisions"}],"predecessor-version":[{"id":19641,"href":"https:\/\/wgphoto.pl\/t\/index.php?rest_route=\/wp\/v2\/posts\/19639\/revisions\/19641"}],"wp:featuredmedia":[{"embeddable":true,"href":"https:\/\/wgphoto.pl\/t\/index.php?rest_route=\/wp\/v2\/media\/19640"}],"wp:attachment":[{"href":"https:\/\/wgphoto.pl\/t\/index.php?rest_route=%2Fwp%2Fv2%2Fmedia&parent=19639"}],"wp:term":[{"taxonomy":"category","embeddable":true,"href":"https:\/\/wgphoto.pl\/t\/index.php?rest_route=%2Fwp%2Fv2%2Fcategories&post=19639"},{"taxonomy":"post_tag","embeddable":true,"href":"https:\/\/wgphoto.pl\/t\/index.php?rest_route=%2Fwp%2Fv2%2Ftags&post=19639"}],"curies":[{"name":"wp","href":"https:\/\/api.w.org\/{rel}","templated":true}]}}