{"id":19642,"date":"2025-07-05T14:04:15","date_gmt":"2025-07-05T12:04:15","guid":{"rendered":"https:\/\/wgphoto.pl\/t\/?p=19642"},"modified":"2025-07-05T14:04:15","modified_gmt":"2025-07-05T12:04:15","slug":"pociagiem-do-pragi-a-d-2009","status":"publish","type":"post","link":"https:\/\/wgphoto.pl\/t\/?p=19642","title":{"rendered":"Poci\u0105giem do Pragi A.D. 2009"},"content":{"rendered":"\n<figure class=\"wp-block-image aligncenter size-full\"><img loading=\"lazy\" decoding=\"async\" width=\"1200\" height=\"900\" src=\"https:\/\/wgphoto.pl\/t\/wp-content\/uploads\/2025\/07\/IMGP0076.jpg\" alt=\"\" class=\"wp-image-19643\" srcset=\"https:\/\/wgphoto.pl\/t\/wp-content\/uploads\/2025\/07\/IMGP0076.jpg 1200w, https:\/\/wgphoto.pl\/t\/wp-content\/uploads\/2025\/07\/IMGP0076-300x225.jpg 300w, https:\/\/wgphoto.pl\/t\/wp-content\/uploads\/2025\/07\/IMGP0076-768x576.jpg 768w\" sizes=\"auto, (max-width: 1200px) 100vw, 1200px\" \/><\/figure>\n\n\n\n<div class=\"wp-block-group has-global-padding is-layout-constrained wp-block-group-is-layout-constrained\">\n<p>Poci\u0105g pospieszny z Wroc\u0142awia do Pragi przyjecha\u0142 w\u0142a\u015bnie do Letohradu na haku EU07-539. Tu polska lokomotywa si\u0119 urywa, a obs\u0142ug\u0119 przejmie czeski nurek. 15.02.2009<\/p>\n<\/div>\n","protected":false},"excerpt":{"rendered":"<p>Poci\u0105g pospieszny z Wroc\u0142awia do Pragi przyjecha\u0142 w\u0142a\u015bnie do Letohradu na haku EU07-539. Tu polska lokomotywa si\u0119 urywa, a obs\u0142ug\u0119 przejmie czeski nurek. 15.02.2009<\/p>\n","protected":false},"author":1,"featured_media":19643,"comment_status":"open","ping_status":"","sticky":false,"template":"","format":"standard","meta":{"footnotes":""},"categories":[2,169],"tags":[1379,49,122,4121,63,44,584],"class_list":["post-19642","post","type-post","status-publish","format-standard","has-post-thumbnail","hentry","category-kolej","category-rok-2009","tag-2009-02-15","tag-czechy","tag-eu07","tag-letohrad","tag-pkp","tag-snieg","tag-tab-cz024"],"_links":{"self":[{"href":"https:\/\/wgphoto.pl\/t\/index.php?rest_route=\/wp\/v2\/posts\/19642","targetHints":{"allow":["GET"]}}],"collection":[{"href":"https:\/\/wgphoto.pl\/t\/index.php?rest_route=\/wp\/v2\/posts"}],"about":[{"href":"https:\/\/wgphoto.pl\/t\/index.php?rest_route=\/wp\/v2\/types\/post"}],"author":[{"embeddable":true,"href":"https:\/\/wgphoto.pl\/t\/index.php?rest_route=\/wp\/v2\/users\/1"}],"replies":[{"embeddable":true,"href":"https:\/\/wgphoto.pl\/t\/index.php?rest_route=%2Fwp%2Fv2%2Fcomments&post=19642"}],"version-history":[{"count":1,"href":"https:\/\/wgphoto.pl\/t\/index.php?rest_route=\/wp\/v2\/posts\/19642\/revisions"}],"predecessor-version":[{"id":19644,"href":"https:\/\/wgphoto.pl\/t\/index.php?rest_route=\/wp\/v2\/posts\/19642\/revisions\/19644"}],"wp:featuredmedia":[{"embeddable":true,"href":"https:\/\/wgphoto.pl\/t\/index.php?rest_route=\/wp\/v2\/media\/19643"}],"wp:attachment":[{"href":"https:\/\/wgphoto.pl\/t\/index.php?rest_route=%2Fwp%2Fv2%2Fmedia&parent=19642"}],"wp:term":[{"taxonomy":"category","embeddable":true,"href":"https:\/\/wgphoto.pl\/t\/index.php?rest_route=%2Fwp%2Fv2%2Fcategories&post=19642"},{"taxonomy":"post_tag","embeddable":true,"href":"https:\/\/wgphoto.pl\/t\/index.php?rest_route=%2Fwp%2Fv2%2Ftags&post=19642"}],"curies":[{"name":"wp","href":"https:\/\/api.w.org\/{rel}","templated":true}]}}