{"id":19654,"date":"2025-07-05T14:08:19","date_gmt":"2025-07-05T12:08:19","guid":{"rendered":"https:\/\/wgphoto.pl\/t\/?p=19654"},"modified":"2025-07-05T14:08:19","modified_gmt":"2025-07-05T12:08:19","slug":"skape-oswietlenie","status":"publish","type":"post","link":"https:\/\/wgphoto.pl\/t\/?p=19654","title":{"rendered":"Sk\u0105pe o\u015bwietlenie"},"content":{"rendered":"\n<figure class=\"wp-block-image aligncenter size-full\"><img loading=\"lazy\" decoding=\"async\" width=\"1300\" height=\"870\" src=\"https:\/\/wgphoto.pl\/t\/wp-content\/uploads\/2025\/07\/IMGP8015-1.jpg\" alt=\"\" class=\"wp-image-19655\" srcset=\"https:\/\/wgphoto.pl\/t\/wp-content\/uploads\/2025\/07\/IMGP8015-1.jpg 1300w, https:\/\/wgphoto.pl\/t\/wp-content\/uploads\/2025\/07\/IMGP8015-1-300x201.jpg 300w, https:\/\/wgphoto.pl\/t\/wp-content\/uploads\/2025\/07\/IMGP8015-1-768x514.jpg 768w\" sizes=\"auto, (max-width: 1300px) 100vw, 1300px\" \/><\/figure>\n\n\n\n<div class=\"wp-block-group has-global-padding is-layout-constrained wp-block-group-is-layout-constrained\">\n<p>204WrAs 2606+2605 wkr\u00f3tce odjedzie jako 14 do Cmentarza Grabiszy\u0144skiego z p\u0119tli Osobowice (we Wroc\u0142awiu oczywi\u015bcie), gdzie panowa\u0142o przyjemne, sk\u0105pe o\u015bwietlenie. 31.07.2009<\/p>\n<\/div>\n","protected":false},"excerpt":{"rendered":"<p>204WrAs 2606+2605 wkr\u00f3tce odjedzie jako 14 do Cmentarza Grabiszy\u0144skiego z p\u0119tli Osobowice (we Wroc\u0142awiu oczywi\u015bcie), gdzie panowa\u0142o przyjemne, sk\u0105pe o\u015bwietlenie. 31.07.2009<\/p>\n","protected":false},"author":1,"featured_media":19655,"comment_status":"open","ping_status":"","sticky":false,"template":"","format":"standard","meta":{"footnotes":""},"categories":[169,3],"tags":[4173,42,154,27,1577,439,41],"class_list":["post-19654","post","type-post","status-publish","format-standard","has-post-thumbnail","hentry","category-rok-2009","category-tramwaj","tag-2009-07-31","tag-mpk-wroclaw","tag-noc","tag-polska","tag-protram-204wras","tag-we-fabryce","tag-wroclaw"],"_links":{"self":[{"href":"https:\/\/wgphoto.pl\/t\/index.php?rest_route=\/wp\/v2\/posts\/19654","targetHints":{"allow":["GET"]}}],"collection":[{"href":"https:\/\/wgphoto.pl\/t\/index.php?rest_route=\/wp\/v2\/posts"}],"about":[{"href":"https:\/\/wgphoto.pl\/t\/index.php?rest_route=\/wp\/v2\/types\/post"}],"author":[{"embeddable":true,"href":"https:\/\/wgphoto.pl\/t\/index.php?rest_route=\/wp\/v2\/users\/1"}],"replies":[{"embeddable":true,"href":"https:\/\/wgphoto.pl\/t\/index.php?rest_route=%2Fwp%2Fv2%2Fcomments&post=19654"}],"version-history":[{"count":1,"href":"https:\/\/wgphoto.pl\/t\/index.php?rest_route=\/wp\/v2\/posts\/19654\/revisions"}],"predecessor-version":[{"id":19656,"href":"https:\/\/wgphoto.pl\/t\/index.php?rest_route=\/wp\/v2\/posts\/19654\/revisions\/19656"}],"wp:featuredmedia":[{"embeddable":true,"href":"https:\/\/wgphoto.pl\/t\/index.php?rest_route=\/wp\/v2\/media\/19655"}],"wp:attachment":[{"href":"https:\/\/wgphoto.pl\/t\/index.php?rest_route=%2Fwp%2Fv2%2Fmedia&parent=19654"}],"wp:term":[{"taxonomy":"category","embeddable":true,"href":"https:\/\/wgphoto.pl\/t\/index.php?rest_route=%2Fwp%2Fv2%2Fcategories&post=19654"},{"taxonomy":"post_tag","embeddable":true,"href":"https:\/\/wgphoto.pl\/t\/index.php?rest_route=%2Fwp%2Fv2%2Ftags&post=19654"}],"curies":[{"name":"wp","href":"https:\/\/api.w.org\/{rel}","templated":true}]}}