{"id":19666,"date":"2025-07-06T10:28:09","date_gmt":"2025-07-06T08:28:09","guid":{"rendered":"https:\/\/wgphoto.pl\/t\/?p=19666"},"modified":"2025-07-06T10:28:09","modified_gmt":"2025-07-06T08:28:09","slug":"su45-116","status":"publish","type":"post","link":"https:\/\/wgphoto.pl\/t\/?p=19666","title":{"rendered":"SU45-116"},"content":{"rendered":"\n<figure class=\"wp-block-image aligncenter size-full\"><img loading=\"lazy\" decoding=\"async\" width=\"1300\" height=\"867\" src=\"https:\/\/wgphoto.pl\/t\/wp-content\/uploads\/2025\/07\/0414-03_rsn.jpg\" alt=\"\" class=\"wp-image-19667\" srcset=\"https:\/\/wgphoto.pl\/t\/wp-content\/uploads\/2025\/07\/0414-03_rsn.jpg 1300w, https:\/\/wgphoto.pl\/t\/wp-content\/uploads\/2025\/07\/0414-03_rsn-300x200.jpg 300w, https:\/\/wgphoto.pl\/t\/wp-content\/uploads\/2025\/07\/0414-03_rsn-768x512.jpg 768w\" sizes=\"auto, (max-width: 1300px) 100vw, 1300px\" \/><\/figure>\n\n\n\n<div class=\"wp-block-group has-global-padding is-layout-constrained wp-block-group-is-layout-constrained\">\n<p>SU45-116 z poci\u0105giem osobowym 77429 z Gdyni G\u0142\u00f3wnej do Chojnic odje\u017cd\u017ca z Czerska. Hen daleko wida\u0107 wagon, kt\u00f3ry na haku SP42 przyjecha\u0142 przed chwil\u0105 z B\u0105ka. 20.07.2004<\/p>\n<\/div>\n","protected":false},"excerpt":{"rendered":"<p>SU45-116 z poci\u0105giem osobowym 77429 z Gdyni G\u0142\u00f3wnej do Chojnic odje\u017cd\u017ca z Czerska. Hen daleko wida\u0107 wagon, kt\u00f3ry na haku SP42 przyjecha\u0142 przed chwil\u0105 z B\u0105ka. 20.07.2004<\/p>\n","protected":false},"author":1,"featured_media":19667,"comment_status":"open","ping_status":"","sticky":false,"template":"","format":"standard","meta":{"footnotes":""},"categories":[62,2,61],"tags":[3896,1478,595,63,27,290,53,887],"class_list":["post-19666","post","type-post","status-publish","format-standard","has-post-thumbnail","hentry","category-analog","category-kolej","category-rok-2004","tag-2004-07-20","tag-czersk","tag-ostbahn","tag-pkp","tag-polska","tag-su45","tag-sygnalizacja-ksztaltowa","tag-tab-pl426"],"_links":{"self":[{"href":"https:\/\/wgphoto.pl\/t\/index.php?rest_route=\/wp\/v2\/posts\/19666","targetHints":{"allow":["GET"]}}],"collection":[{"href":"https:\/\/wgphoto.pl\/t\/index.php?rest_route=\/wp\/v2\/posts"}],"about":[{"href":"https:\/\/wgphoto.pl\/t\/index.php?rest_route=\/wp\/v2\/types\/post"}],"author":[{"embeddable":true,"href":"https:\/\/wgphoto.pl\/t\/index.php?rest_route=\/wp\/v2\/users\/1"}],"replies":[{"embeddable":true,"href":"https:\/\/wgphoto.pl\/t\/index.php?rest_route=%2Fwp%2Fv2%2Fcomments&post=19666"}],"version-history":[{"count":1,"href":"https:\/\/wgphoto.pl\/t\/index.php?rest_route=\/wp\/v2\/posts\/19666\/revisions"}],"predecessor-version":[{"id":19668,"href":"https:\/\/wgphoto.pl\/t\/index.php?rest_route=\/wp\/v2\/posts\/19666\/revisions\/19668"}],"wp:featuredmedia":[{"embeddable":true,"href":"https:\/\/wgphoto.pl\/t\/index.php?rest_route=\/wp\/v2\/media\/19667"}],"wp:attachment":[{"href":"https:\/\/wgphoto.pl\/t\/index.php?rest_route=%2Fwp%2Fv2%2Fmedia&parent=19666"}],"wp:term":[{"taxonomy":"category","embeddable":true,"href":"https:\/\/wgphoto.pl\/t\/index.php?rest_route=%2Fwp%2Fv2%2Fcategories&post=19666"},{"taxonomy":"post_tag","embeddable":true,"href":"https:\/\/wgphoto.pl\/t\/index.php?rest_route=%2Fwp%2Fv2%2Ftags&post=19666"}],"curies":[{"name":"wp","href":"https:\/\/api.w.org\/{rel}","templated":true}]}}