{"id":19672,"date":"2025-07-06T10:29:49","date_gmt":"2025-07-06T08:29:49","guid":{"rendered":"https:\/\/wgphoto.pl\/t\/?p=19672"},"modified":"2025-07-06T10:29:49","modified_gmt":"2025-07-06T08:29:49","slug":"czeski-duet","status":"publish","type":"post","link":"https:\/\/wgphoto.pl\/t\/?p=19672","title":{"rendered":"Czeski duet"},"content":{"rendered":"\n<figure class=\"wp-block-image aligncenter size-full\"><img loading=\"lazy\" decoding=\"async\" width=\"1300\" height=\"851\" src=\"https:\/\/wgphoto.pl\/t\/wp-content\/uploads\/2025\/07\/0415-02_rsn.jpg\" alt=\"\" class=\"wp-image-19673\" srcset=\"https:\/\/wgphoto.pl\/t\/wp-content\/uploads\/2025\/07\/0415-02_rsn.jpg 1300w, https:\/\/wgphoto.pl\/t\/wp-content\/uploads\/2025\/07\/0415-02_rsn-300x196.jpg 300w, https:\/\/wgphoto.pl\/t\/wp-content\/uploads\/2025\/07\/0415-02_rsn-768x503.jpg 768w\" sizes=\"auto, (max-width: 1300px) 100vw, 1300px\" \/><\/figure>\n\n\n\n<div class=\"wp-block-group has-global-padding is-layout-constrained wp-block-group-is-layout-constrained\">\n<p>EP05-23+16 z poci\u0105giem IC 3501 &#8222;Lajkonik&#8221; z Krakowa G\u0142\u00f3wnego do Gdyni G\u0142\u00f3wnej odje\u017cd\u017caj\u0105 z Gda\u0144ska Oliwy. Wed\u0142ug zapisanej informacji, niecodzienna obs\u0142uga trakcyjna spowodowana by\u0142\u0105 jazd\u0105 lokomotyw na napraw\u0119 gwarancyjn\u0105 do ZNTKiM Gda\u0144sk. Sama za\u015b sytuacja mnie zaskoczy\u0142a, zapewne w oczekiwaniu na SKM, skoro znalaz\u0142em si\u0119 na peronie, i st\u0105d taki karko\u0142omny kadr. 22.07.2004<\/p>\n<\/div>\n","protected":false},"excerpt":{"rendered":"<p>EP05-23+16 z poci\u0105giem IC 3501 &#8222;Lajkonik&#8221; z Krakowa G\u0142\u00f3wnego do Gdyni G\u0142\u00f3wnej odje\u017cd\u017caj\u0105 z Gda\u0144ska Oliwy. Wed\u0142ug zapisanej informacji, niecodzienna obs\u0142uga trakcyjna spowodowana by\u0142\u0105 jazd\u0105 lokomotyw na napraw\u0119 gwarancyjn\u0105 do ZNTKiM Gda\u0144sk. Sama za\u015b sytuacja mnie zaskoczy\u0142a, zapewne w oczekiwaniu na SKM, skoro znalaz\u0142em si\u0119 na peronie, i st\u0105d taki karko\u0142omny kadr. 22.07.2004<\/p>\n","protected":false},"author":1,"featured_media":19673,"comment_status":"open","ping_status":"","sticky":false,"template":"","format":"standard","meta":{"footnotes":""},"categories":[62,2,61],"tags":[4180,4044,907,2090,63,27,1936],"class_list":["post-19672","post","type-post","status-publish","format-standard","has-post-thumbnail","hentry","category-analog","category-kolej","category-rok-2004","tag-2004-07-22","tag-ep05","tag-gdansk","tag-gdansk-oliwa","tag-pkp","tag-polska","tag-tab-pl400"],"_links":{"self":[{"href":"https:\/\/wgphoto.pl\/t\/index.php?rest_route=\/wp\/v2\/posts\/19672","targetHints":{"allow":["GET"]}}],"collection":[{"href":"https:\/\/wgphoto.pl\/t\/index.php?rest_route=\/wp\/v2\/posts"}],"about":[{"href":"https:\/\/wgphoto.pl\/t\/index.php?rest_route=\/wp\/v2\/types\/post"}],"author":[{"embeddable":true,"href":"https:\/\/wgphoto.pl\/t\/index.php?rest_route=\/wp\/v2\/users\/1"}],"replies":[{"embeddable":true,"href":"https:\/\/wgphoto.pl\/t\/index.php?rest_route=%2Fwp%2Fv2%2Fcomments&post=19672"}],"version-history":[{"count":1,"href":"https:\/\/wgphoto.pl\/t\/index.php?rest_route=\/wp\/v2\/posts\/19672\/revisions"}],"predecessor-version":[{"id":19674,"href":"https:\/\/wgphoto.pl\/t\/index.php?rest_route=\/wp\/v2\/posts\/19672\/revisions\/19674"}],"wp:featuredmedia":[{"embeddable":true,"href":"https:\/\/wgphoto.pl\/t\/index.php?rest_route=\/wp\/v2\/media\/19673"}],"wp:attachment":[{"href":"https:\/\/wgphoto.pl\/t\/index.php?rest_route=%2Fwp%2Fv2%2Fmedia&parent=19672"}],"wp:term":[{"taxonomy":"category","embeddable":true,"href":"https:\/\/wgphoto.pl\/t\/index.php?rest_route=%2Fwp%2Fv2%2Fcategories&post=19672"},{"taxonomy":"post_tag","embeddable":true,"href":"https:\/\/wgphoto.pl\/t\/index.php?rest_route=%2Fwp%2Fv2%2Ftags&post=19672"}],"curies":[{"name":"wp","href":"https:\/\/api.w.org\/{rel}","templated":true}]}}