{"id":19675,"date":"2025-07-06T10:30:43","date_gmt":"2025-07-06T08:30:43","guid":{"rendered":"https:\/\/wgphoto.pl\/t\/?p=19675"},"modified":"2025-07-06T10:30:43","modified_gmt":"2025-07-06T08:30:43","slug":"105na-24302431","status":"publish","type":"post","link":"https:\/\/wgphoto.pl\/t\/?p=19675","title":{"rendered":"105Na 2430+2431"},"content":{"rendered":"\n<figure class=\"wp-block-image aligncenter size-full\"><img loading=\"lazy\" decoding=\"async\" width=\"1300\" height=\"867\" src=\"https:\/\/wgphoto.pl\/t\/wp-content\/uploads\/2025\/07\/0325-11_rsn.jpg\" alt=\"\" class=\"wp-image-19676\" srcset=\"https:\/\/wgphoto.pl\/t\/wp-content\/uploads\/2025\/07\/0325-11_rsn.jpg 1300w, https:\/\/wgphoto.pl\/t\/wp-content\/uploads\/2025\/07\/0325-11_rsn-300x200.jpg 300w, https:\/\/wgphoto.pl\/t\/wp-content\/uploads\/2025\/07\/0325-11_rsn-768x512.jpg 768w\" sizes=\"auto, (max-width: 1300px) 100vw, 1300px\" \/><\/figure>\n\n\n\n<div class=\"wp-block-group has-global-padding is-layout-constrained wp-block-group-is-layout-constrained\">\n<p>Wroc\u0142aw, ul. Grabiszy\u0144ska, 105Na 2430+2431 na przystanku <em>Fadroma<\/em>. To by\u0142 jeden z nielicznych sk\u0142ad\u00f3w, kt\u00f3re na co dzie\u0144 tak\u017ce je\u017adzi\u0142y w parze. Wykorzystano go na wahad\u0142o zapewne z powodu pe\u0142nej kabiny w drugim wozie. 23.07.2003<\/p>\n<\/div>\n","protected":false},"excerpt":{"rendered":"<p>Wroc\u0142aw, ul. Grabiszy\u0144ska, 105Na 2430+2431 na przystanku Fadroma. To by\u0142 jeden z nielicznych sk\u0142ad\u00f3w, kt\u00f3re na co dzie\u0144 tak\u017ce je\u017adzi\u0142y w parze. Wykorzystano go na wahad\u0142o zapewne z powodu pe\u0142nej kabiny w drugim wozie. 23.07.2003<\/p>\n","protected":false},"author":1,"featured_media":19676,"comment_status":"open","ping_status":"","sticky":false,"template":"","format":"standard","meta":{"footnotes":""},"categories":[62,149,3],"tags":[155,4181,42,27,1990,41],"class_list":["post-19675","post","type-post","status-publish","format-standard","has-post-thumbnail","hentry","category-analog","category-rok-2003","category-tramwaj","tag-105na","tag-2003-07-23","tag-mpk-wroclaw","tag-polska","tag-ruch-wahadlowy","tag-wroclaw"],"_links":{"self":[{"href":"https:\/\/wgphoto.pl\/t\/index.php?rest_route=\/wp\/v2\/posts\/19675","targetHints":{"allow":["GET"]}}],"collection":[{"href":"https:\/\/wgphoto.pl\/t\/index.php?rest_route=\/wp\/v2\/posts"}],"about":[{"href":"https:\/\/wgphoto.pl\/t\/index.php?rest_route=\/wp\/v2\/types\/post"}],"author":[{"embeddable":true,"href":"https:\/\/wgphoto.pl\/t\/index.php?rest_route=\/wp\/v2\/users\/1"}],"replies":[{"embeddable":true,"href":"https:\/\/wgphoto.pl\/t\/index.php?rest_route=%2Fwp%2Fv2%2Fcomments&post=19675"}],"version-history":[{"count":1,"href":"https:\/\/wgphoto.pl\/t\/index.php?rest_route=\/wp\/v2\/posts\/19675\/revisions"}],"predecessor-version":[{"id":19677,"href":"https:\/\/wgphoto.pl\/t\/index.php?rest_route=\/wp\/v2\/posts\/19675\/revisions\/19677"}],"wp:featuredmedia":[{"embeddable":true,"href":"https:\/\/wgphoto.pl\/t\/index.php?rest_route=\/wp\/v2\/media\/19676"}],"wp:attachment":[{"href":"https:\/\/wgphoto.pl\/t\/index.php?rest_route=%2Fwp%2Fv2%2Fmedia&parent=19675"}],"wp:term":[{"taxonomy":"category","embeddable":true,"href":"https:\/\/wgphoto.pl\/t\/index.php?rest_route=%2Fwp%2Fv2%2Fcategories&post=19675"},{"taxonomy":"post_tag","embeddable":true,"href":"https:\/\/wgphoto.pl\/t\/index.php?rest_route=%2Fwp%2Fv2%2Ftags&post=19675"}],"curies":[{"name":"wp","href":"https:\/\/api.w.org\/{rel}","templated":true}]}}