{"id":19678,"date":"2025-07-06T10:31:40","date_gmt":"2025-07-06T08:31:40","guid":{"rendered":"https:\/\/wgphoto.pl\/t\/?p=19678"},"modified":"2025-07-06T10:31:40","modified_gmt":"2025-07-06T08:31:40","slug":"wahadla-z-wysokosci","status":"publish","type":"post","link":"https:\/\/wgphoto.pl\/t\/?p=19678","title":{"rendered":"Wahad\u0142a z wysoko\u015bci"},"content":{"rendered":"\n<figure class=\"wp-block-image aligncenter size-full\"><img loading=\"lazy\" decoding=\"async\" width=\"700\" height=\"1050\" src=\"https:\/\/wgphoto.pl\/t\/wp-content\/uploads\/2025\/07\/0325-12_rsn.jpg\" alt=\"\" class=\"wp-image-19679\" srcset=\"https:\/\/wgphoto.pl\/t\/wp-content\/uploads\/2025\/07\/0325-12_rsn.jpg 700w, https:\/\/wgphoto.pl\/t\/wp-content\/uploads\/2025\/07\/0325-12_rsn-200x300.jpg 200w\" sizes=\"auto, (max-width: 700px) 100vw, 700px\" \/><\/figure>\n\n\n\n<div class=\"wp-block-group has-global-padding is-layout-constrained wp-block-group-is-layout-constrained\">\n<p>Wroc\u0142aw, ul. Grabiszy\u0144ska. Mijanka sk\u0142ad\u00f3w 105Na 2486+2488 z 2224+2248. W tle widoczny jest poprzedni tramwaj linii 74, co pokazuje cz\u0119stotliwo\u015b\u0107 kursowania tej linii. 23.07.2003<\/p>\n<\/div>\n","protected":false},"excerpt":{"rendered":"<p>Wroc\u0142aw, ul. Grabiszy\u0144ska. Mijanka sk\u0142ad\u00f3w 105Na 2486+2488 z 2224+2248. W tle widoczny jest poprzedni tramwaj linii 74, co pokazuje cz\u0119stotliwo\u015b\u0107 kursowania tej linii. 23.07.2003<\/p>\n","protected":false},"author":1,"featured_media":19679,"comment_status":"open","ping_status":"","sticky":false,"template":"","format":"standard","meta":{"footnotes":""},"categories":[62,128,149,3],"tags":[155,4181,389,42,27,1990,41],"class_list":["post-19678","post","type-post","status-publish","format-standard","has-post-thumbnail","hentry","category-analog","category-pionowe","category-rok-2003","category-tramwaj","tag-105na","tag-2003-07-23","tag-mijanka","tag-mpk-wroclaw","tag-polska","tag-ruch-wahadlowy","tag-wroclaw"],"_links":{"self":[{"href":"https:\/\/wgphoto.pl\/t\/index.php?rest_route=\/wp\/v2\/posts\/19678","targetHints":{"allow":["GET"]}}],"collection":[{"href":"https:\/\/wgphoto.pl\/t\/index.php?rest_route=\/wp\/v2\/posts"}],"about":[{"href":"https:\/\/wgphoto.pl\/t\/index.php?rest_route=\/wp\/v2\/types\/post"}],"author":[{"embeddable":true,"href":"https:\/\/wgphoto.pl\/t\/index.php?rest_route=\/wp\/v2\/users\/1"}],"replies":[{"embeddable":true,"href":"https:\/\/wgphoto.pl\/t\/index.php?rest_route=%2Fwp%2Fv2%2Fcomments&post=19678"}],"version-history":[{"count":1,"href":"https:\/\/wgphoto.pl\/t\/index.php?rest_route=\/wp\/v2\/posts\/19678\/revisions"}],"predecessor-version":[{"id":19680,"href":"https:\/\/wgphoto.pl\/t\/index.php?rest_route=\/wp\/v2\/posts\/19678\/revisions\/19680"}],"wp:featuredmedia":[{"embeddable":true,"href":"https:\/\/wgphoto.pl\/t\/index.php?rest_route=\/wp\/v2\/media\/19679"}],"wp:attachment":[{"href":"https:\/\/wgphoto.pl\/t\/index.php?rest_route=%2Fwp%2Fv2%2Fmedia&parent=19678"}],"wp:term":[{"taxonomy":"category","embeddable":true,"href":"https:\/\/wgphoto.pl\/t\/index.php?rest_route=%2Fwp%2Fv2%2Fcategories&post=19678"},{"taxonomy":"post_tag","embeddable":true,"href":"https:\/\/wgphoto.pl\/t\/index.php?rest_route=%2Fwp%2Fv2%2Ftags&post=19678"}],"curies":[{"name":"wp","href":"https:\/\/api.w.org\/{rel}","templated":true}]}}