{"id":19684,"date":"2025-07-06T10:33:25","date_gmt":"2025-07-06T08:33:25","guid":{"rendered":"https:\/\/wgphoto.pl\/t\/?p=19684"},"modified":"2025-07-06T10:33:25","modified_gmt":"2025-07-06T08:33:25","slug":"koniec-trasy-9","status":"publish","type":"post","link":"https:\/\/wgphoto.pl\/t\/?p=19684","title":{"rendered":"Koniec trasy"},"content":{"rendered":"\n<figure class=\"wp-block-image aligncenter size-full\"><img loading=\"lazy\" decoding=\"async\" width=\"1300\" height=\"867\" src=\"https:\/\/wgphoto.pl\/t\/wp-content\/uploads\/2025\/07\/0325-15_rsn.jpg\" alt=\"\" class=\"wp-image-19685\" srcset=\"https:\/\/wgphoto.pl\/t\/wp-content\/uploads\/2025\/07\/0325-15_rsn.jpg 1300w, https:\/\/wgphoto.pl\/t\/wp-content\/uploads\/2025\/07\/0325-15_rsn-300x200.jpg 300w, https:\/\/wgphoto.pl\/t\/wp-content\/uploads\/2025\/07\/0325-15_rsn-768x512.jpg 768w\" sizes=\"auto, (max-width: 1300px) 100vw, 1300px\" \/><\/figure>\n\n\n\n<div class=\"wp-block-group has-global-padding is-layout-constrained wp-block-group-is-layout-constrained\">\n<p>Koniec trasy na ul. Grabiszy\u0144skiej przy pl. Legion\u00f3w wi\u0105za\u0142 si\u0119 z konieczno\u015bci\u0105 wbudowania tymczasowego rozjazdu. W tras\u0119 na Opor\u00f3w wyruszy\u0142 w\u0142a\u015bnie sk\u0142ad 105Na 2486+2488, a na przystanek ko\u0144cowy wjedzie zaraz 2242+2268. Ca\u0142a zabawa by\u0142a za\u015b spowodowana przebudow\u0105 uk\u0142adu torowego na pl. Legion\u00f3w. 23.07.2003<\/p>\n<\/div>\n","protected":false},"excerpt":{"rendered":"<p>Koniec trasy na ul. Grabiszy\u0144skiej przy pl. Legion\u00f3w wi\u0105za\u0142 si\u0119 z konieczno\u015bci\u0105 wbudowania tymczasowego rozjazdu. W tras\u0119 na Opor\u00f3w wyruszy\u0142 w\u0142a\u015bnie sk\u0142ad 105Na 2486+2488, a na przystanek ko\u0144cowy wjedzie zaraz 2242+2268. Ca\u0142a zabawa by\u0142a za\u015b spowodowana przebudow\u0105 uk\u0142adu torowego na pl. Legion\u00f3w. 23.07.2003<\/p>\n","protected":false},"author":1,"featured_media":19685,"comment_status":"open","ping_status":"","sticky":false,"template":"","format":"standard","meta":{"footnotes":""},"categories":[62,149,3],"tags":[155,4181,230,389,42,27,1990,41],"class_list":["post-19684","post","type-post","status-publish","format-standard","has-post-thumbnail","hentry","category-analog","category-rok-2003","category-tramwaj","tag-105na","tag-2003-07-23","tag-infrastruktura","tag-mijanka","tag-mpk-wroclaw","tag-polska","tag-ruch-wahadlowy","tag-wroclaw"],"_links":{"self":[{"href":"https:\/\/wgphoto.pl\/t\/index.php?rest_route=\/wp\/v2\/posts\/19684","targetHints":{"allow":["GET"]}}],"collection":[{"href":"https:\/\/wgphoto.pl\/t\/index.php?rest_route=\/wp\/v2\/posts"}],"about":[{"href":"https:\/\/wgphoto.pl\/t\/index.php?rest_route=\/wp\/v2\/types\/post"}],"author":[{"embeddable":true,"href":"https:\/\/wgphoto.pl\/t\/index.php?rest_route=\/wp\/v2\/users\/1"}],"replies":[{"embeddable":true,"href":"https:\/\/wgphoto.pl\/t\/index.php?rest_route=%2Fwp%2Fv2%2Fcomments&post=19684"}],"version-history":[{"count":1,"href":"https:\/\/wgphoto.pl\/t\/index.php?rest_route=\/wp\/v2\/posts\/19684\/revisions"}],"predecessor-version":[{"id":19686,"href":"https:\/\/wgphoto.pl\/t\/index.php?rest_route=\/wp\/v2\/posts\/19684\/revisions\/19686"}],"wp:featuredmedia":[{"embeddable":true,"href":"https:\/\/wgphoto.pl\/t\/index.php?rest_route=\/wp\/v2\/media\/19685"}],"wp:attachment":[{"href":"https:\/\/wgphoto.pl\/t\/index.php?rest_route=%2Fwp%2Fv2%2Fmedia&parent=19684"}],"wp:term":[{"taxonomy":"category","embeddable":true,"href":"https:\/\/wgphoto.pl\/t\/index.php?rest_route=%2Fwp%2Fv2%2Fcategories&post=19684"},{"taxonomy":"post_tag","embeddable":true,"href":"https:\/\/wgphoto.pl\/t\/index.php?rest_route=%2Fwp%2Fv2%2Ftags&post=19684"}],"curies":[{"name":"wp","href":"https:\/\/api.w.org\/{rel}","templated":true}]}}