{"id":19693,"date":"2025-07-06T10:36:59","date_gmt":"2025-07-06T08:36:59","guid":{"rendered":"https:\/\/wgphoto.pl\/t\/?p=19693"},"modified":"2025-07-06T10:36:59","modified_gmt":"2025-07-06T08:36:59","slug":"su45-263-grudziadz-mniszek","status":"publish","type":"post","link":"https:\/\/wgphoto.pl\/t\/?p=19693","title":{"rendered":"SU45-263, Grudzi\u0105dz Mniszek"},"content":{"rendered":"\n<figure class=\"wp-block-image aligncenter size-full\"><img loading=\"lazy\" decoding=\"async\" width=\"1300\" height=\"862\" src=\"https:\/\/wgphoto.pl\/t\/wp-content\/uploads\/2025\/07\/0519-03.jpg\" alt=\"\" class=\"wp-image-19694\" srcset=\"https:\/\/wgphoto.pl\/t\/wp-content\/uploads\/2025\/07\/0519-03.jpg 1300w, https:\/\/wgphoto.pl\/t\/wp-content\/uploads\/2025\/07\/0519-03-300x199.jpg 300w, https:\/\/wgphoto.pl\/t\/wp-content\/uploads\/2025\/07\/0519-03-768x509.jpg 768w\" sizes=\"auto, (max-width: 1300px) 100vw, 1300px\" \/><\/figure>\n\n\n\n<div class=\"wp-block-group has-global-padding is-layout-constrained wp-block-group-is-layout-constrained\">\n<p>SU45-263 z poci\u0105giem osobowym 55028 relacji Grudzi\u0105dz &#8211; Toru\u0144 G\u0142. zatrzymuje si\u0119 na stacji Grudzi\u0105dz Mniszek. 27.07.2005<\/p>\n<\/div>\n","protected":false},"excerpt":{"rendered":"<p>SU45-263 z poci\u0105giem osobowym 55028 relacji Grudzi\u0105dz &#8211; Toru\u0144 G\u0142. zatrzymuje si\u0119 na stacji Grudzi\u0105dz Mniszek. 27.07.2005<\/p>\n","protected":false},"author":1,"featured_media":19694,"comment_status":"open","ping_status":"","sticky":false,"template":"","format":"standard","meta":{"footnotes":""},"categories":[62,2,311],"tags":[1002,283,4182,63,27,290,53,1512],"class_list":["post-19693","post","type-post","status-publish","format-standard","has-post-thumbnail","hentry","category-analog","category-kolej","category-rok-2005","tag-2005-07-27","tag-bdhpmnu","tag-grudziadz-mniszek","tag-pkp","tag-polska","tag-su45","tag-sygnalizacja-ksztaltowa","tag-tab-pl415"],"_links":{"self":[{"href":"https:\/\/wgphoto.pl\/t\/index.php?rest_route=\/wp\/v2\/posts\/19693","targetHints":{"allow":["GET"]}}],"collection":[{"href":"https:\/\/wgphoto.pl\/t\/index.php?rest_route=\/wp\/v2\/posts"}],"about":[{"href":"https:\/\/wgphoto.pl\/t\/index.php?rest_route=\/wp\/v2\/types\/post"}],"author":[{"embeddable":true,"href":"https:\/\/wgphoto.pl\/t\/index.php?rest_route=\/wp\/v2\/users\/1"}],"replies":[{"embeddable":true,"href":"https:\/\/wgphoto.pl\/t\/index.php?rest_route=%2Fwp%2Fv2%2Fcomments&post=19693"}],"version-history":[{"count":1,"href":"https:\/\/wgphoto.pl\/t\/index.php?rest_route=\/wp\/v2\/posts\/19693\/revisions"}],"predecessor-version":[{"id":19695,"href":"https:\/\/wgphoto.pl\/t\/index.php?rest_route=\/wp\/v2\/posts\/19693\/revisions\/19695"}],"wp:featuredmedia":[{"embeddable":true,"href":"https:\/\/wgphoto.pl\/t\/index.php?rest_route=\/wp\/v2\/media\/19694"}],"wp:attachment":[{"href":"https:\/\/wgphoto.pl\/t\/index.php?rest_route=%2Fwp%2Fv2%2Fmedia&parent=19693"}],"wp:term":[{"taxonomy":"category","embeddable":true,"href":"https:\/\/wgphoto.pl\/t\/index.php?rest_route=%2Fwp%2Fv2%2Fcategories&post=19693"},{"taxonomy":"post_tag","embeddable":true,"href":"https:\/\/wgphoto.pl\/t\/index.php?rest_route=%2Fwp%2Fv2%2Ftags&post=19693"}],"curies":[{"name":"wp","href":"https:\/\/api.w.org\/{rel}","templated":true}]}}