{"id":19696,"date":"2025-07-06T10:37:53","date_gmt":"2025-07-06T08:37:53","guid":{"rendered":"https:\/\/wgphoto.pl\/t\/?p=19696"},"modified":"2025-07-06T10:37:53","modified_gmt":"2025-07-06T08:37:53","slug":"wurzburg-w-grudziadzu","status":"publish","type":"post","link":"https:\/\/wgphoto.pl\/t\/?p=19696","title":{"rendered":"W\u00fcrzburg w Grudzi\u0105dzu"},"content":{"rendered":"\n<figure class=\"wp-block-image aligncenter size-full\"><img loading=\"lazy\" decoding=\"async\" width=\"773\" height=\"1000\" src=\"https:\/\/wgphoto.pl\/t\/wp-content\/uploads\/2025\/07\/0519-11.jpg\" alt=\"\" class=\"wp-image-19697\" srcset=\"https:\/\/wgphoto.pl\/t\/wp-content\/uploads\/2025\/07\/0519-11.jpg 773w, https:\/\/wgphoto.pl\/t\/wp-content\/uploads\/2025\/07\/0519-11-232x300.jpg 232w, https:\/\/wgphoto.pl\/t\/wp-content\/uploads\/2025\/07\/0519-11-768x994.jpg 768w\" sizes=\"auto, (max-width: 773px) 100vw, 773px\" \/><\/figure>\n\n\n\n<div class=\"wp-block-group has-global-padding is-layout-constrained wp-block-group-is-layout-constrained\">\n<p>GT6ZR nr 77 (ex-W\u00fcrzburg 281) zatrzymuje si\u0119 na grudzi\u0105dzkim Rynku. 27.07.2005<\/p>\n<\/div>\n","protected":false},"excerpt":{"rendered":"<p>GT6ZR nr 77 (ex-W\u00fcrzburg 281) zatrzymuje si\u0119 na grudzi\u0105dzkim Rynku. 27.07.2005<\/p>\n","protected":false},"author":1,"featured_media":19697,"comment_status":"open","ping_status":"","sticky":false,"template":"","format":"standard","meta":{"footnotes":""},"categories":[62,128,311,3],"tags":[1002,34,915,101,151,914,27],"class_list":["post-19696","post","type-post","status-publish","format-standard","has-post-thumbnail","hentry","category-analog","category-pionowe","category-rok-2005","category-tramwaj","tag-2005-07-27","tag-architektura","tag-grudziadz","tag-gt6","tag-ludzie","tag-mzk-grudziadz","tag-polska"],"_links":{"self":[{"href":"https:\/\/wgphoto.pl\/t\/index.php?rest_route=\/wp\/v2\/posts\/19696","targetHints":{"allow":["GET"]}}],"collection":[{"href":"https:\/\/wgphoto.pl\/t\/index.php?rest_route=\/wp\/v2\/posts"}],"about":[{"href":"https:\/\/wgphoto.pl\/t\/index.php?rest_route=\/wp\/v2\/types\/post"}],"author":[{"embeddable":true,"href":"https:\/\/wgphoto.pl\/t\/index.php?rest_route=\/wp\/v2\/users\/1"}],"replies":[{"embeddable":true,"href":"https:\/\/wgphoto.pl\/t\/index.php?rest_route=%2Fwp%2Fv2%2Fcomments&post=19696"}],"version-history":[{"count":1,"href":"https:\/\/wgphoto.pl\/t\/index.php?rest_route=\/wp\/v2\/posts\/19696\/revisions"}],"predecessor-version":[{"id":19698,"href":"https:\/\/wgphoto.pl\/t\/index.php?rest_route=\/wp\/v2\/posts\/19696\/revisions\/19698"}],"wp:featuredmedia":[{"embeddable":true,"href":"https:\/\/wgphoto.pl\/t\/index.php?rest_route=\/wp\/v2\/media\/19697"}],"wp:attachment":[{"href":"https:\/\/wgphoto.pl\/t\/index.php?rest_route=%2Fwp%2Fv2%2Fmedia&parent=19696"}],"wp:term":[{"taxonomy":"category","embeddable":true,"href":"https:\/\/wgphoto.pl\/t\/index.php?rest_route=%2Fwp%2Fv2%2Fcategories&post=19696"},{"taxonomy":"post_tag","embeddable":true,"href":"https:\/\/wgphoto.pl\/t\/index.php?rest_route=%2Fwp%2Fv2%2Ftags&post=19696"}],"curies":[{"name":"wp","href":"https:\/\/api.w.org\/{rel}","templated":true}]}}