{"id":19702,"date":"2025-07-06T10:39:39","date_gmt":"2025-07-06T08:39:39","guid":{"rendered":"https:\/\/wgphoto.pl\/t\/?p=19702"},"modified":"2025-07-06T10:39:39","modified_gmt":"2025-07-06T08:39:39","slug":"ladne-swiatlo","status":"publish","type":"post","link":"https:\/\/wgphoto.pl\/t\/?p=19702","title":{"rendered":"\u0141adne \u015bwiat\u0142o"},"content":{"rendered":"\n<figure class=\"wp-block-image aligncenter size-full\"><img loading=\"lazy\" decoding=\"async\" width=\"1300\" height=\"861\" src=\"https:\/\/wgphoto.pl\/t\/wp-content\/uploads\/2025\/07\/IMGP9087.jpg\" alt=\"\" class=\"wp-image-19703\" srcset=\"https:\/\/wgphoto.pl\/t\/wp-content\/uploads\/2025\/07\/IMGP9087.jpg 1300w, https:\/\/wgphoto.pl\/t\/wp-content\/uploads\/2025\/07\/IMGP9087-300x199.jpg 300w, https:\/\/wgphoto.pl\/t\/wp-content\/uploads\/2025\/07\/IMGP9087-768x509.jpg 768w\" sizes=\"auto, (max-width: 1300px) 100vw, 1300px\" \/><\/figure>\n\n\n\n<div class=\"wp-block-group has-global-padding is-layout-constrained wp-block-group-is-layout-constrained\">\n<p>Wroc\u0142aw, skrzy\u017cowanie ul. Kazimierza Wielkiego, Skargi, B\u0142. Czes\u0142awa i O\u0142awskiej, b\u0142\u0119dnie nazywane placem Dominika\u0144skim (ten jest na ty\u0142ach galerii). W tym w\u0142a\u015bnie miejscu sfotografowany zosta\u0142 Protram 205WrAs 2709. 22.01.2017<\/p>\n<\/div>\n","protected":false},"excerpt":{"rendered":"<p>Wroc\u0142aw, skrzy\u017cowanie ul. Kazimierza Wielkiego, Skargi, B\u0142. Czes\u0142awa i O\u0142awskiej, b\u0142\u0119dnie nazywane placem Dominika\u0144skim (ten jest na ty\u0142ach galerii). W tym w\u0142a\u015bnie miejscu sfotografowany zosta\u0142 Protram 205WrAs 2709. 22.01.2017<\/p>\n","protected":false},"author":1,"featured_media":19703,"comment_status":"open","ping_status":"","sticky":false,"template":"","format":"standard","meta":{"footnotes":""},"categories":[368,3],"tags":[2328,42,27,1096,1491,90,41],"class_list":["post-19702","post","type-post","status-publish","format-standard","has-post-thumbnail","hentry","category-rok-2017","category-tramwaj","tag-2017-01-22","tag-mpk-wroclaw","tag-polska","tag-protram-205wras","tag-swiateczne-akcenty","tag-wieczorem","tag-wroclaw"],"_links":{"self":[{"href":"https:\/\/wgphoto.pl\/t\/index.php?rest_route=\/wp\/v2\/posts\/19702","targetHints":{"allow":["GET"]}}],"collection":[{"href":"https:\/\/wgphoto.pl\/t\/index.php?rest_route=\/wp\/v2\/posts"}],"about":[{"href":"https:\/\/wgphoto.pl\/t\/index.php?rest_route=\/wp\/v2\/types\/post"}],"author":[{"embeddable":true,"href":"https:\/\/wgphoto.pl\/t\/index.php?rest_route=\/wp\/v2\/users\/1"}],"replies":[{"embeddable":true,"href":"https:\/\/wgphoto.pl\/t\/index.php?rest_route=%2Fwp%2Fv2%2Fcomments&post=19702"}],"version-history":[{"count":1,"href":"https:\/\/wgphoto.pl\/t\/index.php?rest_route=\/wp\/v2\/posts\/19702\/revisions"}],"predecessor-version":[{"id":19704,"href":"https:\/\/wgphoto.pl\/t\/index.php?rest_route=\/wp\/v2\/posts\/19702\/revisions\/19704"}],"wp:featuredmedia":[{"embeddable":true,"href":"https:\/\/wgphoto.pl\/t\/index.php?rest_route=\/wp\/v2\/media\/19703"}],"wp:attachment":[{"href":"https:\/\/wgphoto.pl\/t\/index.php?rest_route=%2Fwp%2Fv2%2Fmedia&parent=19702"}],"wp:term":[{"taxonomy":"category","embeddable":true,"href":"https:\/\/wgphoto.pl\/t\/index.php?rest_route=%2Fwp%2Fv2%2Fcategories&post=19702"},{"taxonomy":"post_tag","embeddable":true,"href":"https:\/\/wgphoto.pl\/t\/index.php?rest_route=%2Fwp%2Fv2%2Ftags&post=19702"}],"curies":[{"name":"wp","href":"https:\/\/api.w.org\/{rel}","templated":true}]}}