{"id":19714,"date":"2025-07-06T10:44:40","date_gmt":"2025-07-06T08:44:40","guid":{"rendered":"https:\/\/wgphoto.pl\/t\/?p=19714"},"modified":"2025-07-06T10:44:40","modified_gmt":"2025-07-06T08:44:40","slug":"siedem-bonanz-2","status":"publish","type":"post","link":"https:\/\/wgphoto.pl\/t\/?p=19714","title":{"rendered":"Siedem bonanz"},"content":{"rendered":"\n<figure class=\"wp-block-image aligncenter size-full\"><img loading=\"lazy\" decoding=\"async\" width=\"1300\" height=\"861\" src=\"https:\/\/wgphoto.pl\/t\/wp-content\/uploads\/2025\/07\/0616-27_rsn.jpg\" alt=\"\" class=\"wp-image-19715\" srcset=\"https:\/\/wgphoto.pl\/t\/wp-content\/uploads\/2025\/07\/0616-27_rsn.jpg 1300w, https:\/\/wgphoto.pl\/t\/wp-content\/uploads\/2025\/07\/0616-27_rsn-300x199.jpg 300w, https:\/\/wgphoto.pl\/t\/wp-content\/uploads\/2025\/07\/0616-27_rsn-768x509.jpg 768w\" sizes=\"auto, (max-width: 1300px) 100vw, 1300px\" \/><\/figure>\n\n\n\n<div class=\"wp-block-group has-global-padding is-layout-constrained wp-block-group-is-layout-constrained\">\n<p>SU42-532 z poci\u0105giem dodatkowym relacji Pozna\u0144 G\u0142. &#8211; Kostrzyn mija na biegu stacj\u0119 Stare Kurowo. 27.07.2006<\/p>\n<\/div>\n","protected":false},"excerpt":{"rendered":"<p>SU42-532 z poci\u0105giem dodatkowym relacji Pozna\u0144 G\u0142. &#8211; Kostrzyn mija na biegu stacj\u0119 Stare Kurowo. 27.07.2006<\/p>\n","protected":false},"author":1,"featured_media":19715,"comment_status":"open","ping_status":"","sticky":false,"template":"","format":"standard","meta":{"footnotes":""},"categories":[62,2,130],"tags":[3175,595,63,27,1034,250,53,594,1278],"class_list":["post-19714","post","type-post","status-publish","format-standard","has-post-thumbnail","hentry","category-analog","category-kolej","category-rok-2006","tag-2006-07-27","tag-ostbahn","tag-pkp","tag-polska","tag-stare-kurowo","tag-su42","tag-sygnalizacja-ksztaltowa","tag-tab-pl345","tag-woodstock"],"_links":{"self":[{"href":"https:\/\/wgphoto.pl\/t\/index.php?rest_route=\/wp\/v2\/posts\/19714","targetHints":{"allow":["GET"]}}],"collection":[{"href":"https:\/\/wgphoto.pl\/t\/index.php?rest_route=\/wp\/v2\/posts"}],"about":[{"href":"https:\/\/wgphoto.pl\/t\/index.php?rest_route=\/wp\/v2\/types\/post"}],"author":[{"embeddable":true,"href":"https:\/\/wgphoto.pl\/t\/index.php?rest_route=\/wp\/v2\/users\/1"}],"replies":[{"embeddable":true,"href":"https:\/\/wgphoto.pl\/t\/index.php?rest_route=%2Fwp%2Fv2%2Fcomments&post=19714"}],"version-history":[{"count":1,"href":"https:\/\/wgphoto.pl\/t\/index.php?rest_route=\/wp\/v2\/posts\/19714\/revisions"}],"predecessor-version":[{"id":19716,"href":"https:\/\/wgphoto.pl\/t\/index.php?rest_route=\/wp\/v2\/posts\/19714\/revisions\/19716"}],"wp:featuredmedia":[{"embeddable":true,"href":"https:\/\/wgphoto.pl\/t\/index.php?rest_route=\/wp\/v2\/media\/19715"}],"wp:attachment":[{"href":"https:\/\/wgphoto.pl\/t\/index.php?rest_route=%2Fwp%2Fv2%2Fmedia&parent=19714"}],"wp:term":[{"taxonomy":"category","embeddable":true,"href":"https:\/\/wgphoto.pl\/t\/index.php?rest_route=%2Fwp%2Fv2%2Fcategories&post=19714"},{"taxonomy":"post_tag","embeddable":true,"href":"https:\/\/wgphoto.pl\/t\/index.php?rest_route=%2Fwp%2Fv2%2Ftags&post=19714"}],"curies":[{"name":"wp","href":"https:\/\/api.w.org\/{rel}","templated":true}]}}