{"id":19720,"date":"2025-07-06T10:48:04","date_gmt":"2025-07-06T08:48:04","guid":{"rendered":"https:\/\/wgphoto.pl\/t\/?p=19720"},"modified":"2025-07-06T17:34:27","modified_gmt":"2025-07-06T15:34:27","slug":"u-kaplicky","status":"publish","type":"post","link":"https:\/\/wgphoto.pl\/t\/?p=19720","title":{"rendered":"U kapli\u010dky"},"content":{"rendered":"\n<figure class=\"wp-block-image aligncenter size-full\"><img loading=\"lazy\" decoding=\"async\" width=\"1200\" height=\"900\" src=\"https:\/\/wgphoto.pl\/t\/wp-content\/uploads\/2025\/07\/DSCF7552.jpg\" alt=\"\" class=\"wp-image-19721\" srcset=\"https:\/\/wgphoto.pl\/t\/wp-content\/uploads\/2025\/07\/DSCF7552.jpg 1200w, https:\/\/wgphoto.pl\/t\/wp-content\/uploads\/2025\/07\/DSCF7552-300x225.jpg 300w, https:\/\/wgphoto.pl\/t\/wp-content\/uploads\/2025\/07\/DSCF7552-768x576.jpg 768w\" sizes=\"auto, (max-width: 1200px) 100vw, 1200px\" \/><\/figure>\n\n\n\n<div class=\"wp-block-group has-global-padding is-layout-constrained wp-block-group-is-layout-constrained\">\n<p>Brno, ul. T\u00e1borsk\u00e1, sk\u0142ad T3RF (lub T3R-BN1) 1669+1670, kt\u00f3ry zosta\u0142 zmodernizowany\/wyprodukowany w 1999 roku dla Moskwy i w 2002 by\u0142 odsprzedany do Brna, mija kaplic\u0119 \u015aw. Franciszka z Asy\u017cu (<em>czes. sv. Franti\u0161ka z Assisi<\/em>). Troch\u0119 nie wiedziaem jak si\u0119 to skadrowa\u0107, st\u0105d tylko p\u00f3\u0142 tramwaju zza s\u0142upa, ale w\u0142a\u015bciwie podoba mi si\u0119 taki kadr. 12.09.2008<\/p>\n<\/div>\n","protected":false},"excerpt":{"rendered":"<p>Brno, ul. T\u00e1borsk\u00e1, sk\u0142ad T3RF (lub T3R-BN1) 1669+1670, kt\u00f3ry zosta\u0142 zmodernizowany\/wyprodukowany w 1999 roku dla Moskwy i w 2002 by\u0142 odsprzedany do Brna, mija kaplic\u0119 \u015aw. Franciszka z Asy\u017cu (czes. sv. Franti\u0161ka z Assisi). Troch\u0119 nie wiedziaem jak si\u0119 to skadrowa\u0107, st\u0105d tylko p\u00f3\u0142 tramwaju zza s\u0142upa, ale w\u0142a\u015bciwie podoba mi si\u0119 taki kadr. 12.09.2008<\/p>\n","protected":false},"author":1,"featured_media":19721,"comment_status":"open","ping_status":"","sticky":false,"template":"","format":"standard","meta":{"footnotes":""},"categories":[120,3],"tags":[329,34,328,49,330,1011],"class_list":["post-19720","post","type-post","status-publish","format-standard","has-post-thumbnail","hentry","category-rok-2008","category-tramwaj","tag-2008-09-12","tag-architektura","tag-brno","tag-czechy","tag-dpmb-brno","tag-tatra-t3"],"_links":{"self":[{"href":"https:\/\/wgphoto.pl\/t\/index.php?rest_route=\/wp\/v2\/posts\/19720","targetHints":{"allow":["GET"]}}],"collection":[{"href":"https:\/\/wgphoto.pl\/t\/index.php?rest_route=\/wp\/v2\/posts"}],"about":[{"href":"https:\/\/wgphoto.pl\/t\/index.php?rest_route=\/wp\/v2\/types\/post"}],"author":[{"embeddable":true,"href":"https:\/\/wgphoto.pl\/t\/index.php?rest_route=\/wp\/v2\/users\/1"}],"replies":[{"embeddable":true,"href":"https:\/\/wgphoto.pl\/t\/index.php?rest_route=%2Fwp%2Fv2%2Fcomments&post=19720"}],"version-history":[{"count":2,"href":"https:\/\/wgphoto.pl\/t\/index.php?rest_route=\/wp\/v2\/posts\/19720\/revisions"}],"predecessor-version":[{"id":19856,"href":"https:\/\/wgphoto.pl\/t\/index.php?rest_route=\/wp\/v2\/posts\/19720\/revisions\/19856"}],"wp:featuredmedia":[{"embeddable":true,"href":"https:\/\/wgphoto.pl\/t\/index.php?rest_route=\/wp\/v2\/media\/19721"}],"wp:attachment":[{"href":"https:\/\/wgphoto.pl\/t\/index.php?rest_route=%2Fwp%2Fv2%2Fmedia&parent=19720"}],"wp:term":[{"taxonomy":"category","embeddable":true,"href":"https:\/\/wgphoto.pl\/t\/index.php?rest_route=%2Fwp%2Fv2%2Fcategories&post=19720"},{"taxonomy":"post_tag","embeddable":true,"href":"https:\/\/wgphoto.pl\/t\/index.php?rest_route=%2Fwp%2Fv2%2Ftags&post=19720"}],"curies":[{"name":"wp","href":"https:\/\/api.w.org\/{rel}","templated":true}]}}