{"id":19726,"date":"2025-07-06T10:50:19","date_gmt":"2025-07-06T08:50:19","guid":{"rendered":"https:\/\/wgphoto.pl\/t\/?p=19726"},"modified":"2025-07-06T10:50:19","modified_gmt":"2025-07-06T08:50:19","slug":"bimba-na-targowisku","status":"publish","type":"post","link":"https:\/\/wgphoto.pl\/t\/?p=19726","title":{"rendered":"Bimba na targowisku"},"content":{"rendered":"\n<figure class=\"wp-block-image aligncenter size-full\"><img loading=\"lazy\" decoding=\"async\" width=\"1299\" height=\"812\" src=\"https:\/\/wgphoto.pl\/t\/wp-content\/uploads\/2025\/07\/0329-12_rsn.jpg\" alt=\"\" class=\"wp-image-19727\" srcset=\"https:\/\/wgphoto.pl\/t\/wp-content\/uploads\/2025\/07\/0329-12_rsn.jpg 1299w, https:\/\/wgphoto.pl\/t\/wp-content\/uploads\/2025\/07\/0329-12_rsn-300x188.jpg 300w, https:\/\/wgphoto.pl\/t\/wp-content\/uploads\/2025\/07\/0329-12_rsn-768x480.jpg 768w\" sizes=\"auto, (max-width: 1299px) 100vw, 1299px\" \/><\/figure>\n\n\n\n<div class=\"wp-block-group has-global-padding is-layout-constrained wp-block-group-is-layout-constrained\">\n<p>Pozna\u0144, pl. Wielkopolski, 102N nr 5 wci\u0105\u017c w s\u0142u\u017cbie liniowej. 02.08.2003<\/p>\n<\/div>\n","protected":false},"excerpt":{"rendered":"<p>Pozna\u0144, pl. Wielkopolski, 102N nr 5 wci\u0105\u017c w s\u0142u\u017cbie liniowej. 02.08.2003<\/p>\n","protected":false},"author":1,"featured_media":19727,"comment_status":"open","ping_status":"","sticky":false,"template":"","format":"standard","meta":{"footnotes":""},"categories":[62,149,3],"tags":[1886,1846,236,27,235],"class_list":["post-19726","post","type-post","status-publish","format-standard","has-post-thumbnail","hentry","category-analog","category-rok-2003","category-tramwaj","tag-2003-08-02","tag-konstal-102n","tag-mpk-poznan","tag-polska","tag-poznan"],"_links":{"self":[{"href":"https:\/\/wgphoto.pl\/t\/index.php?rest_route=\/wp\/v2\/posts\/19726","targetHints":{"allow":["GET"]}}],"collection":[{"href":"https:\/\/wgphoto.pl\/t\/index.php?rest_route=\/wp\/v2\/posts"}],"about":[{"href":"https:\/\/wgphoto.pl\/t\/index.php?rest_route=\/wp\/v2\/types\/post"}],"author":[{"embeddable":true,"href":"https:\/\/wgphoto.pl\/t\/index.php?rest_route=\/wp\/v2\/users\/1"}],"replies":[{"embeddable":true,"href":"https:\/\/wgphoto.pl\/t\/index.php?rest_route=%2Fwp%2Fv2%2Fcomments&post=19726"}],"version-history":[{"count":1,"href":"https:\/\/wgphoto.pl\/t\/index.php?rest_route=\/wp\/v2\/posts\/19726\/revisions"}],"predecessor-version":[{"id":19728,"href":"https:\/\/wgphoto.pl\/t\/index.php?rest_route=\/wp\/v2\/posts\/19726\/revisions\/19728"}],"wp:featuredmedia":[{"embeddable":true,"href":"https:\/\/wgphoto.pl\/t\/index.php?rest_route=\/wp\/v2\/media\/19727"}],"wp:attachment":[{"href":"https:\/\/wgphoto.pl\/t\/index.php?rest_route=%2Fwp%2Fv2%2Fmedia&parent=19726"}],"wp:term":[{"taxonomy":"category","embeddable":true,"href":"https:\/\/wgphoto.pl\/t\/index.php?rest_route=%2Fwp%2Fv2%2Fcategories&post=19726"},{"taxonomy":"post_tag","embeddable":true,"href":"https:\/\/wgphoto.pl\/t\/index.php?rest_route=%2Fwp%2Fv2%2Ftags&post=19726"}],"curies":[{"name":"wp","href":"https:\/\/api.w.org\/{rel}","templated":true}]}}