{"id":19735,"date":"2025-07-06T10:54:32","date_gmt":"2025-07-06T08:54:32","guid":{"rendered":"https:\/\/wgphoto.pl\/t\/?p=19735"},"modified":"2025-12-21T20:19:38","modified_gmt":"2025-12-21T19:19:38","slug":"przerwa-na-kowalach","status":"publish","type":"post","link":"https:\/\/wgphoto.pl\/t\/?p=19735","title":{"rendered":"Przerwa na Kowalach"},"content":{"rendered":"\n<figure class=\"wp-block-image aligncenter size-full\"><img loading=\"lazy\" decoding=\"async\" width=\"1300\" height=\"861\" src=\"https:\/\/wgphoto.pl\/t\/wp-content\/uploads\/2025\/07\/IMGP1275.jpg\" alt=\"\" class=\"wp-image-19736\" srcset=\"https:\/\/wgphoto.pl\/t\/wp-content\/uploads\/2025\/07\/IMGP1275.jpg 1300w, https:\/\/wgphoto.pl\/t\/wp-content\/uploads\/2025\/07\/IMGP1275-300x199.jpg 300w, https:\/\/wgphoto.pl\/t\/wp-content\/uploads\/2025\/07\/IMGP1275-768x509.jpg 768w\" sizes=\"auto, (max-width: 1300px) 100vw, 1300px\" \/><\/figure>\n\n\n\n<div class=\"wp-block-group has-global-padding is-layout-constrained wp-block-group-is-layout-constrained\">\n<p>Wroc\u0142aw, p\u0119tla Kowale, Moderus Beta MF24AC 2925. \u015awiat\u0142o jest tu wbrew pozorom ciekawe, bo podobny efekt idzie uzyska\u0107 przy bardzo d\u0142ugim na\u015bwietlaniu noc\u0105, tu jednak jest zwyczajne p\u00f3\u017ane popo\u0142udnie. 29.09.2018<\/p>\n<\/div>\n","protected":false},"excerpt":{"rendered":"<p>Wroc\u0142aw, p\u0119tla Kowale, Moderus Beta MF24AC 2925. \u015awiat\u0142o jest tu wbrew pozorom ciekawe, bo podobny efekt idzie uzyska\u0107 przy bardzo d\u0142ugim na\u015bwietlaniu noc\u0105, tu jednak jest zwyczajne p\u00f3\u017ane popo\u0142udnie. 29.09.2018<\/p>\n","protected":false},"author":1,"featured_media":19736,"comment_status":"open","ping_status":"","sticky":false,"template":"","format":"standard","meta":{"footnotes":""},"categories":[156,3],"tags":[3773,4184,4604,501,42,27,438,439,41],"class_list":["post-19735","post","type-post","status-publish","format-standard","has-post-thumbnail","hentry","category-rok-2018","category-tramwaj","tag-2018-09-29","tag-kowale","tag-mf24ac","tag-moderus-beta","tag-mpk-wroclaw","tag-polska","tag-portret-z-petli","tag-we-fabryce","tag-wroclaw"],"_links":{"self":[{"href":"https:\/\/wgphoto.pl\/t\/index.php?rest_route=\/wp\/v2\/posts\/19735","targetHints":{"allow":["GET"]}}],"collection":[{"href":"https:\/\/wgphoto.pl\/t\/index.php?rest_route=\/wp\/v2\/posts"}],"about":[{"href":"https:\/\/wgphoto.pl\/t\/index.php?rest_route=\/wp\/v2\/types\/post"}],"author":[{"embeddable":true,"href":"https:\/\/wgphoto.pl\/t\/index.php?rest_route=\/wp\/v2\/users\/1"}],"replies":[{"embeddable":true,"href":"https:\/\/wgphoto.pl\/t\/index.php?rest_route=%2Fwp%2Fv2%2Fcomments&post=19735"}],"version-history":[{"count":1,"href":"https:\/\/wgphoto.pl\/t\/index.php?rest_route=\/wp\/v2\/posts\/19735\/revisions"}],"predecessor-version":[{"id":19737,"href":"https:\/\/wgphoto.pl\/t\/index.php?rest_route=\/wp\/v2\/posts\/19735\/revisions\/19737"}],"wp:featuredmedia":[{"embeddable":true,"href":"https:\/\/wgphoto.pl\/t\/index.php?rest_route=\/wp\/v2\/media\/19736"}],"wp:attachment":[{"href":"https:\/\/wgphoto.pl\/t\/index.php?rest_route=%2Fwp%2Fv2%2Fmedia&parent=19735"}],"wp:term":[{"taxonomy":"category","embeddable":true,"href":"https:\/\/wgphoto.pl\/t\/index.php?rest_route=%2Fwp%2Fv2%2Fcategories&post=19735"},{"taxonomy":"post_tag","embeddable":true,"href":"https:\/\/wgphoto.pl\/t\/index.php?rest_route=%2Fwp%2Fv2%2Ftags&post=19735"}],"curies":[{"name":"wp","href":"https:\/\/api.w.org\/{rel}","templated":true}]}}