{"id":19744,"date":"2025-07-06T11:14:00","date_gmt":"2025-07-06T09:14:00","guid":{"rendered":"https:\/\/wgphoto.pl\/t\/?p=19744"},"modified":"2025-07-06T11:15:14","modified_gmt":"2025-07-06T09:15:14","slug":"tlumow-nie-ma","status":"publish","type":"post","link":"https:\/\/wgphoto.pl\/t\/?p=19744","title":{"rendered":"T\u0142um\u00f3w nie ma"},"content":{"rendered":"\n<figure class=\"wp-block-image aligncenter size-full\"><img loading=\"lazy\" decoding=\"async\" width=\"1300\" height=\"861\" src=\"https:\/\/wgphoto.pl\/t\/wp-content\/uploads\/2025\/07\/IMGP2228.jpg\" alt=\"\" class=\"wp-image-19745\" srcset=\"https:\/\/wgphoto.pl\/t\/wp-content\/uploads\/2025\/07\/IMGP2228.jpg 1300w, https:\/\/wgphoto.pl\/t\/wp-content\/uploads\/2025\/07\/IMGP2228-300x199.jpg 300w, https:\/\/wgphoto.pl\/t\/wp-content\/uploads\/2025\/07\/IMGP2228-768x509.jpg 768w\" sizes=\"auto, (max-width: 1300px) 100vw, 1300px\" \/><\/figure>\n\n\n\n<div class=\"wp-block-group has-global-padding is-layout-constrained wp-block-group-is-layout-constrained\">\n<p>Wn\u0119trze metrotramwaju (wagon nr 102) w Sewilli. Nie pami\u0119tam jaka to stacja, ale zapewne nie koniec trasy, w ka\u017cdym razie zape\u0142nienie tramwaju prezentuje przeci\u0119tny standard, jaki tam zaobserwowa\u0142em. 18.11.2018<\/p>\n<\/div>\n","protected":false},"excerpt":{"rendered":"<p>Wn\u0119trze metrotramwaju (wagon nr 102) w Sewilli. Nie pami\u0119tam jaka to stacja, ale zapewne nie koniec trasy, w ka\u017cdym razie zape\u0142nienie tramwaju prezentuje przeci\u0119tny standard, jaki tam zaobserwowa\u0142em. 18.11.2018<\/p>\n","protected":false},"author":1,"featured_media":19745,"comment_status":"open","ping_status":"","sticky":false,"template":"","format":"standard","meta":{"footnotes":""},"categories":[220,4,156,3],"tags":[624,157,159,160,830,622,223,454],"class_list":["post-19744","post","type-post","status-publish","format-standard","has-post-thumbnail","hentry","category-blo","category-metro","category-rok-2018","category-tramwaj","tag-2018-11-18","tag-caf-urbos","tag-hiszpania","tag-hiszpania-2018","tag-metro-de-sevilla","tag-sewilla","tag-symetria","tag-wnetrza-pojazdow"],"_links":{"self":[{"href":"https:\/\/wgphoto.pl\/t\/index.php?rest_route=\/wp\/v2\/posts\/19744","targetHints":{"allow":["GET"]}}],"collection":[{"href":"https:\/\/wgphoto.pl\/t\/index.php?rest_route=\/wp\/v2\/posts"}],"about":[{"href":"https:\/\/wgphoto.pl\/t\/index.php?rest_route=\/wp\/v2\/types\/post"}],"author":[{"embeddable":true,"href":"https:\/\/wgphoto.pl\/t\/index.php?rest_route=\/wp\/v2\/users\/1"}],"replies":[{"embeddable":true,"href":"https:\/\/wgphoto.pl\/t\/index.php?rest_route=%2Fwp%2Fv2%2Fcomments&post=19744"}],"version-history":[{"count":1,"href":"https:\/\/wgphoto.pl\/t\/index.php?rest_route=\/wp\/v2\/posts\/19744\/revisions"}],"predecessor-version":[{"id":19746,"href":"https:\/\/wgphoto.pl\/t\/index.php?rest_route=\/wp\/v2\/posts\/19744\/revisions\/19746"}],"wp:featuredmedia":[{"embeddable":true,"href":"https:\/\/wgphoto.pl\/t\/index.php?rest_route=\/wp\/v2\/media\/19745"}],"wp:attachment":[{"href":"https:\/\/wgphoto.pl\/t\/index.php?rest_route=%2Fwp%2Fv2%2Fmedia&parent=19744"}],"wp:term":[{"taxonomy":"category","embeddable":true,"href":"https:\/\/wgphoto.pl\/t\/index.php?rest_route=%2Fwp%2Fv2%2Fcategories&post=19744"},{"taxonomy":"post_tag","embeddable":true,"href":"https:\/\/wgphoto.pl\/t\/index.php?rest_route=%2Fwp%2Fv2%2Ftags&post=19744"}],"curies":[{"name":"wp","href":"https:\/\/api.w.org\/{rel}","templated":true}]}}