{"id":19747,"date":"2025-07-06T11:14:52","date_gmt":"2025-07-06T09:14:52","guid":{"rendered":"https:\/\/wgphoto.pl\/t\/?p=19747"},"modified":"2025-07-06T11:15:24","modified_gmt":"2025-07-06T09:15:24","slug":"tramwaj-zza-sciany","status":"publish","type":"post","link":"https:\/\/wgphoto.pl\/t\/?p=19747","title":{"rendered":"Tramwaj zza \u015bciany"},"content":{"rendered":"\n<figure class=\"wp-block-image aligncenter size-full\"><img loading=\"lazy\" decoding=\"async\" width=\"1300\" height=\"861\" src=\"https:\/\/wgphoto.pl\/t\/wp-content\/uploads\/2025\/07\/IMGP2234.jpg\" alt=\"\" class=\"wp-image-19748\" srcset=\"https:\/\/wgphoto.pl\/t\/wp-content\/uploads\/2025\/07\/IMGP2234.jpg 1300w, https:\/\/wgphoto.pl\/t\/wp-content\/uploads\/2025\/07\/IMGP2234-300x199.jpg 300w, https:\/\/wgphoto.pl\/t\/wp-content\/uploads\/2025\/07\/IMGP2234-768x509.jpg 768w\" sizes=\"auto, (max-width: 1300px) 100vw, 1300px\" \/><\/figure>\n\n\n\n<div class=\"wp-block-group has-global-padding is-layout-constrained wp-block-group-is-layout-constrained\">\n<p>Sewilla, Olivar de Quintos, wagon 108. Oto i pow\u00f3d, dlaczego nie da si\u0119 normalnie fotografowa\u0107 tych tramwaj\u00f3w &#8211; bo ka\u017cda kraw\u0119d\u017a peronu wyposa\u017cona jest w automatyczne drzwi. Na stacji ko\u0144cowej mo\u017cna by\u0142o zajrze\u0107 za \u015bcian\u0119 przez p\u0142ot zza koz\u0142a oporowego. 18.11.2018<\/p>\n<\/div>\n","protected":false},"excerpt":{"rendered":"<p>Sewilla, Olivar de Quintos, wagon 108. Oto i pow\u00f3d, dlaczego nie da si\u0119 normalnie fotografowa\u0107 tych tramwaj\u00f3w &#8211; bo ka\u017cda kraw\u0119d\u017a peronu wyposa\u017cona jest w automatyczne drzwi. Na stacji ko\u0144cowej mo\u017cna by\u0142o zajrze\u0107 za \u015bcian\u0119 przez p\u0142ot zza koz\u0142a oporowego. 18.11.2018<\/p>\n","protected":false},"author":1,"featured_media":19748,"comment_status":"open","ping_status":"","sticky":false,"template":"","format":"standard","meta":{"footnotes":""},"categories":[4,156,3],"tags":[624,157,13,159,160,830,622],"class_list":["post-19747","post","type-post","status-publish","format-standard","has-post-thumbnail","hentry","category-metro","category-rok-2018","category-tramwaj","tag-2018-11-18","tag-caf-urbos","tag-deszcz","tag-hiszpania","tag-hiszpania-2018","tag-metro-de-sevilla","tag-sewilla"],"_links":{"self":[{"href":"https:\/\/wgphoto.pl\/t\/index.php?rest_route=\/wp\/v2\/posts\/19747","targetHints":{"allow":["GET"]}}],"collection":[{"href":"https:\/\/wgphoto.pl\/t\/index.php?rest_route=\/wp\/v2\/posts"}],"about":[{"href":"https:\/\/wgphoto.pl\/t\/index.php?rest_route=\/wp\/v2\/types\/post"}],"author":[{"embeddable":true,"href":"https:\/\/wgphoto.pl\/t\/index.php?rest_route=\/wp\/v2\/users\/1"}],"replies":[{"embeddable":true,"href":"https:\/\/wgphoto.pl\/t\/index.php?rest_route=%2Fwp%2Fv2%2Fcomments&post=19747"}],"version-history":[{"count":1,"href":"https:\/\/wgphoto.pl\/t\/index.php?rest_route=\/wp\/v2\/posts\/19747\/revisions"}],"predecessor-version":[{"id":19749,"href":"https:\/\/wgphoto.pl\/t\/index.php?rest_route=\/wp\/v2\/posts\/19747\/revisions\/19749"}],"wp:featuredmedia":[{"embeddable":true,"href":"https:\/\/wgphoto.pl\/t\/index.php?rest_route=\/wp\/v2\/media\/19748"}],"wp:attachment":[{"href":"https:\/\/wgphoto.pl\/t\/index.php?rest_route=%2Fwp%2Fv2%2Fmedia&parent=19747"}],"wp:term":[{"taxonomy":"category","embeddable":true,"href":"https:\/\/wgphoto.pl\/t\/index.php?rest_route=%2Fwp%2Fv2%2Fcategories&post=19747"},{"taxonomy":"post_tag","embeddable":true,"href":"https:\/\/wgphoto.pl\/t\/index.php?rest_route=%2Fwp%2Fv2%2Ftags&post=19747"}],"curies":[{"name":"wp","href":"https:\/\/api.w.org\/{rel}","templated":true}]}}