{"id":19753,"date":"2025-07-06T11:17:16","date_gmt":"2025-07-06T09:17:16","guid":{"rendered":"https:\/\/wgphoto.pl\/t\/?p=19753"},"modified":"2025-07-06T11:17:16","modified_gmt":"2025-07-06T09:17:16","slug":"condequinto-po-raz-drugi","status":"publish","type":"post","link":"https:\/\/wgphoto.pl\/t\/?p=19753","title":{"rendered":"Condequinto po raz drugi"},"content":{"rendered":"\n<figure class=\"wp-block-image aligncenter size-full\"><img loading=\"lazy\" decoding=\"async\" width=\"1300\" height=\"861\" src=\"https:\/\/wgphoto.pl\/t\/wp-content\/uploads\/2025\/07\/IMGP2232.jpg\" alt=\"\" class=\"wp-image-19755\" srcset=\"https:\/\/wgphoto.pl\/t\/wp-content\/uploads\/2025\/07\/IMGP2232.jpg 1300w, https:\/\/wgphoto.pl\/t\/wp-content\/uploads\/2025\/07\/IMGP2232-300x199.jpg 300w, https:\/\/wgphoto.pl\/t\/wp-content\/uploads\/2025\/07\/IMGP2232-768x509.jpg 768w\" sizes=\"auto, (max-width: 1300px) 100vw, 1300px\" \/><\/figure>\n\n\n\n<div class=\"wp-block-group has-global-padding is-layout-constrained wp-block-group-is-layout-constrained\">\n<p>Sewilla, Condequinto. Wagon (o nieznanym numerze) z poprzedniego zdj\u0119cia sfotografowany na wyje\u017adzie w stron\u0119 centrum. Swobodne fotografowanie miejscowego metra umo\u017cliwiaj\u0105 jedynie takie miejsca, gdzie tramwaj wspina si\u0119 na wiadukt, a nad torami zbudowano k\u0142adk\u0119 dla pieszych. Niestety nie ma ich zbyt wiele. 18.11.2018<\/p>\n<\/div>\n","protected":false},"excerpt":{"rendered":"<p>Sewilla, Condequinto. Wagon (o nieznanym numerze) z poprzedniego zdj\u0119cia sfotografowany na wyje\u017adzie w stron\u0119 centrum. Swobodne fotografowanie miejscowego metra umo\u017cliwiaj\u0105 jedynie takie miejsca, gdzie tramwaj wspina si\u0119 na wiadukt, a nad torami zbudowano k\u0142adk\u0119 dla pieszych. Niestety nie ma ich zbyt wiele. 18.11.2018<\/p>\n","protected":false},"author":1,"featured_media":19755,"comment_status":"open","ping_status":"","sticky":false,"template":"","format":"standard","meta":{"footnotes":""},"categories":[4,156,3],"tags":[624,157,13,159,160,830,622],"class_list":["post-19753","post","type-post","status-publish","format-standard","has-post-thumbnail","hentry","category-metro","category-rok-2018","category-tramwaj","tag-2018-11-18","tag-caf-urbos","tag-deszcz","tag-hiszpania","tag-hiszpania-2018","tag-metro-de-sevilla","tag-sewilla"],"_links":{"self":[{"href":"https:\/\/wgphoto.pl\/t\/index.php?rest_route=\/wp\/v2\/posts\/19753","targetHints":{"allow":["GET"]}}],"collection":[{"href":"https:\/\/wgphoto.pl\/t\/index.php?rest_route=\/wp\/v2\/posts"}],"about":[{"href":"https:\/\/wgphoto.pl\/t\/index.php?rest_route=\/wp\/v2\/types\/post"}],"author":[{"embeddable":true,"href":"https:\/\/wgphoto.pl\/t\/index.php?rest_route=\/wp\/v2\/users\/1"}],"replies":[{"embeddable":true,"href":"https:\/\/wgphoto.pl\/t\/index.php?rest_route=%2Fwp%2Fv2%2Fcomments&post=19753"}],"version-history":[{"count":1,"href":"https:\/\/wgphoto.pl\/t\/index.php?rest_route=\/wp\/v2\/posts\/19753\/revisions"}],"predecessor-version":[{"id":19756,"href":"https:\/\/wgphoto.pl\/t\/index.php?rest_route=\/wp\/v2\/posts\/19753\/revisions\/19756"}],"wp:featuredmedia":[{"embeddable":true,"href":"https:\/\/wgphoto.pl\/t\/index.php?rest_route=\/wp\/v2\/media\/19755"}],"wp:attachment":[{"href":"https:\/\/wgphoto.pl\/t\/index.php?rest_route=%2Fwp%2Fv2%2Fmedia&parent=19753"}],"wp:term":[{"taxonomy":"category","embeddable":true,"href":"https:\/\/wgphoto.pl\/t\/index.php?rest_route=%2Fwp%2Fv2%2Fcategories&post=19753"},{"taxonomy":"post_tag","embeddable":true,"href":"https:\/\/wgphoto.pl\/t\/index.php?rest_route=%2Fwp%2Fv2%2Ftags&post=19753"}],"curies":[{"name":"wp","href":"https:\/\/api.w.org\/{rel}","templated":true}]}}