{"id":19769,"date":"2025-07-06T11:24:41","date_gmt":"2025-07-06T09:24:41","guid":{"rendered":"https:\/\/wgphoto.pl\/t\/?p=19769"},"modified":"2025-07-06T11:24:41","modified_gmt":"2025-07-06T09:24:41","slug":"wakacyjnie-2","status":"publish","type":"post","link":"https:\/\/wgphoto.pl\/t\/?p=19769","title":{"rendered":"Wakacyjnie"},"content":{"rendered":"\n<figure class=\"wp-block-image aligncenter size-full\"><img loading=\"lazy\" decoding=\"async\" width=\"1300\" height=\"851\" src=\"https:\/\/wgphoto.pl\/t\/wp-content\/uploads\/2025\/07\/0722-03_rsn.jpg\" alt=\"\" class=\"wp-image-19770\" srcset=\"https:\/\/wgphoto.pl\/t\/wp-content\/uploads\/2025\/07\/0722-03_rsn.jpg 1300w, https:\/\/wgphoto.pl\/t\/wp-content\/uploads\/2025\/07\/0722-03_rsn-300x196.jpg 300w, https:\/\/wgphoto.pl\/t\/wp-content\/uploads\/2025\/07\/0722-03_rsn-768x503.jpg 768w\" sizes=\"auto, (max-width: 1300px) 100vw, 1300px\" \/><\/figure>\n\n\n\n<div class=\"wp-block-group has-global-padding is-layout-constrained wp-block-group-is-layout-constrained\">\n<p>SU45-101 z poci\u0105giem pospiesznym 56107 &#8222;Mamry&#8221; z E\u0142ku do Wroc\u0142awia G\u0142. na szlaku Gi\u017cycko &#8211; Ster\u0142awki Wielkie. 19.08.2007<\/p>\n<\/div>\n","protected":false},"excerpt":{"rendered":"<p>SU45-101 z poci\u0105giem pospiesznym 56107 &#8222;Mamry&#8221; z E\u0142ku do Wroc\u0142awia G\u0142. na szlaku Gi\u017cycko &#8211; Ster\u0142awki Wielkie. 19.08.2007<\/p>\n","protected":false},"author":1,"featured_media":19770,"comment_status":"open","ping_status":"","sticky":false,"template":"","format":"standard","meta":{"footnotes":""},"categories":[62,2,96],"tags":[896,113,63,27,2636,1391,290,322],"class_list":["post-19769","post","type-post","status-publish","format-standard","has-post-thumbnail","hentry","category-analog","category-kolej","category-rok-2007","tag-2007-08-19","tag-landszaft","tag-pkp","tag-polska","tag-sterlawki-male","tag-sterlawki-wielkie","tag-su45","tag-tab-pl510"],"_links":{"self":[{"href":"https:\/\/wgphoto.pl\/t\/index.php?rest_route=\/wp\/v2\/posts\/19769","targetHints":{"allow":["GET"]}}],"collection":[{"href":"https:\/\/wgphoto.pl\/t\/index.php?rest_route=\/wp\/v2\/posts"}],"about":[{"href":"https:\/\/wgphoto.pl\/t\/index.php?rest_route=\/wp\/v2\/types\/post"}],"author":[{"embeddable":true,"href":"https:\/\/wgphoto.pl\/t\/index.php?rest_route=\/wp\/v2\/users\/1"}],"replies":[{"embeddable":true,"href":"https:\/\/wgphoto.pl\/t\/index.php?rest_route=%2Fwp%2Fv2%2Fcomments&post=19769"}],"version-history":[{"count":1,"href":"https:\/\/wgphoto.pl\/t\/index.php?rest_route=\/wp\/v2\/posts\/19769\/revisions"}],"predecessor-version":[{"id":19771,"href":"https:\/\/wgphoto.pl\/t\/index.php?rest_route=\/wp\/v2\/posts\/19769\/revisions\/19771"}],"wp:featuredmedia":[{"embeddable":true,"href":"https:\/\/wgphoto.pl\/t\/index.php?rest_route=\/wp\/v2\/media\/19770"}],"wp:attachment":[{"href":"https:\/\/wgphoto.pl\/t\/index.php?rest_route=%2Fwp%2Fv2%2Fmedia&parent=19769"}],"wp:term":[{"taxonomy":"category","embeddable":true,"href":"https:\/\/wgphoto.pl\/t\/index.php?rest_route=%2Fwp%2Fv2%2Fcategories&post=19769"},{"taxonomy":"post_tag","embeddable":true,"href":"https:\/\/wgphoto.pl\/t\/index.php?rest_route=%2Fwp%2Fv2%2Ftags&post=19769"}],"curies":[{"name":"wp","href":"https:\/\/api.w.org\/{rel}","templated":true}]}}