{"id":19778,"date":"2025-07-06T11:33:11","date_gmt":"2025-07-06T09:33:11","guid":{"rendered":"https:\/\/wgphoto.pl\/t\/?p=19778"},"modified":"2025-07-06T11:33:11","modified_gmt":"2025-07-06T09:33:11","slug":"czarne-chmury-bialy-tramwaj","status":"publish","type":"post","link":"https:\/\/wgphoto.pl\/t\/?p=19778","title":{"rendered":"Czarne chmury, bia\u0142y tramwaj"},"content":{"rendered":"\n<figure class=\"wp-block-image aligncenter size-full\"><img loading=\"lazy\" decoding=\"async\" width=\"1300\" height=\"861\" src=\"https:\/\/wgphoto.pl\/t\/wp-content\/uploads\/2025\/07\/0408-01_rsn.jpg\" alt=\"\" class=\"wp-image-19779\" srcset=\"https:\/\/wgphoto.pl\/t\/wp-content\/uploads\/2025\/07\/0408-01_rsn.jpg 1300w, https:\/\/wgphoto.pl\/t\/wp-content\/uploads\/2025\/07\/0408-01_rsn-300x199.jpg 300w, https:\/\/wgphoto.pl\/t\/wp-content\/uploads\/2025\/07\/0408-01_rsn-768x509.jpg 768w\" sizes=\"auto, (max-width: 1300px) 100vw, 1300px\" \/><\/figure>\n\n\n\n<div class=\"wp-block-group has-global-padding is-layout-constrained wp-block-group-is-layout-constrained\">\n<p>Wroc\u0142aw, al. Marcina Kromera. 105Na 2246+2247 mija jednokierunkowy przystanek <em>Galla Anonima<\/em>, kt\u00f3ry znikn\u0105\u0142 wraz z budow\u0105 nowego mostu Warszawskiego i przebudow\u0105 uk\u0142adu drogowego w tym miejscu. Warto r\u00f3wnie\u017c zwr\u00f3ci\u0107 uwag\u0119 na &#8222;sanki&#8221; na sieci trakcyjnej, s\u0142u\u017c\u0105ce do wzbudzenia wygnalizacji \u015bwietlnej przy wje\u017adzie na most, gdzie tramwaj wje\u017cd\u017ca\u0142 na jezdni\u0119. 05.06.2004<\/p>\n<\/div>\n","protected":false},"excerpt":{"rendered":"<p>Wroc\u0142aw, al. Marcina Kromera. 105Na 2246+2247 mija jednokierunkowy przystanek Galla Anonima, kt\u00f3ry znikn\u0105\u0142 wraz z budow\u0105 nowego mostu Warszawskiego i przebudow\u0105 uk\u0142adu drogowego w tym miejscu. Warto r\u00f3wnie\u017c zwr\u00f3ci\u0107 uwag\u0119 na &#8222;sanki&#8221; na sieci trakcyjnej, s\u0142u\u017c\u0105ce do wzbudzenia wygnalizacji \u015bwietlnej przy wje\u017adzie na most, gdzie tramwaj wje\u017cd\u017ca\u0142 na jezdni\u0119. 05.06.2004<\/p>\n","protected":false},"author":1,"featured_media":19779,"comment_status":"open","ping_status":"","sticky":false,"template":"","format":"standard","meta":{"footnotes":""},"categories":[62,61,3],"tags":[155,4192,42,162,27,41],"class_list":["post-19778","post","type-post","status-publish","format-standard","has-post-thumbnail","hentry","category-analog","category-rok-2004","category-tramwaj","tag-105na","tag-2004-06-05","tag-mpk-wroclaw","tag-niebo","tag-polska","tag-wroclaw"],"_links":{"self":[{"href":"https:\/\/wgphoto.pl\/t\/index.php?rest_route=\/wp\/v2\/posts\/19778","targetHints":{"allow":["GET"]}}],"collection":[{"href":"https:\/\/wgphoto.pl\/t\/index.php?rest_route=\/wp\/v2\/posts"}],"about":[{"href":"https:\/\/wgphoto.pl\/t\/index.php?rest_route=\/wp\/v2\/types\/post"}],"author":[{"embeddable":true,"href":"https:\/\/wgphoto.pl\/t\/index.php?rest_route=\/wp\/v2\/users\/1"}],"replies":[{"embeddable":true,"href":"https:\/\/wgphoto.pl\/t\/index.php?rest_route=%2Fwp%2Fv2%2Fcomments&post=19778"}],"version-history":[{"count":1,"href":"https:\/\/wgphoto.pl\/t\/index.php?rest_route=\/wp\/v2\/posts\/19778\/revisions"}],"predecessor-version":[{"id":19780,"href":"https:\/\/wgphoto.pl\/t\/index.php?rest_route=\/wp\/v2\/posts\/19778\/revisions\/19780"}],"wp:featuredmedia":[{"embeddable":true,"href":"https:\/\/wgphoto.pl\/t\/index.php?rest_route=\/wp\/v2\/media\/19779"}],"wp:attachment":[{"href":"https:\/\/wgphoto.pl\/t\/index.php?rest_route=%2Fwp%2Fv2%2Fmedia&parent=19778"}],"wp:term":[{"taxonomy":"category","embeddable":true,"href":"https:\/\/wgphoto.pl\/t\/index.php?rest_route=%2Fwp%2Fv2%2Fcategories&post=19778"},{"taxonomy":"post_tag","embeddable":true,"href":"https:\/\/wgphoto.pl\/t\/index.php?rest_route=%2Fwp%2Fv2%2Ftags&post=19778"}],"curies":[{"name":"wp","href":"https:\/\/api.w.org\/{rel}","templated":true}]}}