{"id":19796,"date":"2025-07-06T12:23:03","date_gmt":"2025-07-06T10:23:03","guid":{"rendered":"https:\/\/wgphoto.pl\/t\/?p=19796"},"modified":"2025-07-06T12:23:03","modified_gmt":"2025-07-06T10:23:03","slug":"nocny-tramwaj-tez-ma-wziecie","status":"publish","type":"post","link":"https:\/\/wgphoto.pl\/t\/?p=19796","title":{"rendered":"Nocny tramwaj te\u017c ma wzi\u0119cie"},"content":{"rendered":"\n<figure class=\"wp-block-image aligncenter size-full\"><img loading=\"lazy\" decoding=\"async\" width=\"1399\" height=\"912\" src=\"https:\/\/wgphoto.pl\/t\/wp-content\/uploads\/2025\/07\/0326-20_rsn.jpg\" alt=\"\" class=\"wp-image-19797\" srcset=\"https:\/\/wgphoto.pl\/t\/wp-content\/uploads\/2025\/07\/0326-20_rsn.jpg 1399w, https:\/\/wgphoto.pl\/t\/wp-content\/uploads\/2025\/07\/0326-20_rsn-300x196.jpg 300w, https:\/\/wgphoto.pl\/t\/wp-content\/uploads\/2025\/07\/0326-20_rsn-768x501.jpg 768w\" sizes=\"auto, (max-width: 1399px) 100vw, 1399px\" \/><\/figure>\n\n\n\n<div class=\"wp-block-group has-global-padding is-layout-constrained wp-block-group-is-layout-constrained\">\n<p>Wroc\u0142aw, pl. Legion\u00f3w. 105Na 2324+2329 za par\u0119 minut odjedzie w kolejny kurs linii 34W (w odr\u00f3\u017cnieniu od 34 niewahad\u0142owego) na Opor\u00f3w. 27.07.2003<\/p>\n<\/div>\n","protected":false},"excerpt":{"rendered":"<p>Wroc\u0142aw, pl. Legion\u00f3w. 105Na 2324+2329 za par\u0119 minut odjedzie w kolejny kurs linii 34W (w odr\u00f3\u017cnieniu od 34 niewahad\u0142owego) na Opor\u00f3w. 27.07.2003<\/p>\n","protected":false},"author":1,"featured_media":19797,"comment_status":"open","ping_status":"","sticky":false,"template":"","format":"standard","meta":{"footnotes":""},"categories":[62,149,3],"tags":[155,2481,745,42,154,27,1990,41,846],"class_list":["post-19796","post","type-post","status-publish","format-standard","has-post-thumbnail","hentry","category-analog","category-rok-2003","category-tramwaj","tag-105na","tag-2003-07-27","tag-budowa","tag-mpk-wroclaw","tag-noc","tag-polska","tag-ruch-wahadlowy","tag-wroclaw","tag-wroclawskie-linie-nocne"],"_links":{"self":[{"href":"https:\/\/wgphoto.pl\/t\/index.php?rest_route=\/wp\/v2\/posts\/19796","targetHints":{"allow":["GET"]}}],"collection":[{"href":"https:\/\/wgphoto.pl\/t\/index.php?rest_route=\/wp\/v2\/posts"}],"about":[{"href":"https:\/\/wgphoto.pl\/t\/index.php?rest_route=\/wp\/v2\/types\/post"}],"author":[{"embeddable":true,"href":"https:\/\/wgphoto.pl\/t\/index.php?rest_route=\/wp\/v2\/users\/1"}],"replies":[{"embeddable":true,"href":"https:\/\/wgphoto.pl\/t\/index.php?rest_route=%2Fwp%2Fv2%2Fcomments&post=19796"}],"version-history":[{"count":1,"href":"https:\/\/wgphoto.pl\/t\/index.php?rest_route=\/wp\/v2\/posts\/19796\/revisions"}],"predecessor-version":[{"id":19798,"href":"https:\/\/wgphoto.pl\/t\/index.php?rest_route=\/wp\/v2\/posts\/19796\/revisions\/19798"}],"wp:featuredmedia":[{"embeddable":true,"href":"https:\/\/wgphoto.pl\/t\/index.php?rest_route=\/wp\/v2\/media\/19797"}],"wp:attachment":[{"href":"https:\/\/wgphoto.pl\/t\/index.php?rest_route=%2Fwp%2Fv2%2Fmedia&parent=19796"}],"wp:term":[{"taxonomy":"category","embeddable":true,"href":"https:\/\/wgphoto.pl\/t\/index.php?rest_route=%2Fwp%2Fv2%2Fcategories&post=19796"},{"taxonomy":"post_tag","embeddable":true,"href":"https:\/\/wgphoto.pl\/t\/index.php?rest_route=%2Fwp%2Fv2%2Ftags&post=19796"}],"curies":[{"name":"wp","href":"https:\/\/api.w.org\/{rel}","templated":true}]}}