{"id":19804,"date":"2025-07-06T12:35:50","date_gmt":"2025-07-06T10:35:50","guid":{"rendered":"https:\/\/wgphoto.pl\/t\/?p=19804"},"modified":"2025-07-06T12:36:10","modified_gmt":"2025-07-06T10:36:10","slug":"o-kolorowaniu-rzeczywistosci","status":"publish","type":"post","link":"https:\/\/wgphoto.pl\/t\/?p=19804","title":{"rendered":"O kolorowaniu rzeczywisto\u015bci"},"content":{"rendered":"\n<figure class=\"wp-block-image aligncenter size-full\"><img loading=\"lazy\" decoding=\"async\" width=\"1400\" height=\"927\" src=\"https:\/\/wgphoto.pl\/t\/wp-content\/uploads\/2025\/07\/IMGP5336.jpg\" alt=\"\" class=\"wp-image-19805\" srcset=\"https:\/\/wgphoto.pl\/t\/wp-content\/uploads\/2025\/07\/IMGP5336.jpg 1400w, https:\/\/wgphoto.pl\/t\/wp-content\/uploads\/2025\/07\/IMGP5336-300x199.jpg 300w, https:\/\/wgphoto.pl\/t\/wp-content\/uploads\/2025\/07\/IMGP5336-768x509.jpg 768w\" sizes=\"auto, (max-width: 1400px) 100vw, 1400px\" \/><\/figure>\n\n\n\n<div class=\"wp-block-group has-global-padding is-layout-constrained wp-block-group-is-layout-constrained\">\n<p>Bukareszt, Bulevardul Ion Mihalache. Wagon V3A-93-M2000 nr 021 (rocznik 1974, modernizacja w 1997) zatrzyma\u0142 si\u0119 na przystanku Clabucet. Nieco kolorytu tej szarej scenie nadaj\u0105 barwne balkony oraz niebo o zachodzie s\u0142o\u0144ca. 15.10.2019<\/p>\n<\/div>\n","protected":false},"excerpt":{"rendered":"<p>Bukareszt, Bulevardul Ion Mihalache. Wagon V3A-93-M2000 nr 021 (rocznik 1974, modernizacja w 1997) zatrzyma\u0142 si\u0119 na przystanku Clabucet. Nieco kolorytu tej szarej scenie nadaj\u0105 barwne balkony oraz niebo o zachodzie s\u0142o\u0144ca. 15.10.2019<\/p>\n","protected":false},"author":1,"featured_media":19805,"comment_status":"open","ping_status":"","sticky":false,"template":"","format":"standard","meta":{"footnotes":""},"categories":[136,3],"tags":[967,965,162,574,966,575,90],"class_list":["post-19804","post","type-post","status-publish","format-standard","has-post-thumbnail","hentry","category-rok-2019","category-tramwaj","tag-2019-10-15","tag-bukareszt","tag-niebo","tag-rumunia","tag-stb-bucuresti","tag-wakacje-2019","tag-wieczorem"],"_links":{"self":[{"href":"https:\/\/wgphoto.pl\/t\/index.php?rest_route=\/wp\/v2\/posts\/19804","targetHints":{"allow":["GET"]}}],"collection":[{"href":"https:\/\/wgphoto.pl\/t\/index.php?rest_route=\/wp\/v2\/posts"}],"about":[{"href":"https:\/\/wgphoto.pl\/t\/index.php?rest_route=\/wp\/v2\/types\/post"}],"author":[{"embeddable":true,"href":"https:\/\/wgphoto.pl\/t\/index.php?rest_route=\/wp\/v2\/users\/1"}],"replies":[{"embeddable":true,"href":"https:\/\/wgphoto.pl\/t\/index.php?rest_route=%2Fwp%2Fv2%2Fcomments&post=19804"}],"version-history":[{"count":2,"href":"https:\/\/wgphoto.pl\/t\/index.php?rest_route=\/wp\/v2\/posts\/19804\/revisions"}],"predecessor-version":[{"id":19807,"href":"https:\/\/wgphoto.pl\/t\/index.php?rest_route=\/wp\/v2\/posts\/19804\/revisions\/19807"}],"wp:featuredmedia":[{"embeddable":true,"href":"https:\/\/wgphoto.pl\/t\/index.php?rest_route=\/wp\/v2\/media\/19805"}],"wp:attachment":[{"href":"https:\/\/wgphoto.pl\/t\/index.php?rest_route=%2Fwp%2Fv2%2Fmedia&parent=19804"}],"wp:term":[{"taxonomy":"category","embeddable":true,"href":"https:\/\/wgphoto.pl\/t\/index.php?rest_route=%2Fwp%2Fv2%2Fcategories&post=19804"},{"taxonomy":"post_tag","embeddable":true,"href":"https:\/\/wgphoto.pl\/t\/index.php?rest_route=%2Fwp%2Fv2%2Ftags&post=19804"}],"curies":[{"name":"wp","href":"https:\/\/api.w.org\/{rel}","templated":true}]}}