{"id":19811,"date":"2025-07-06T12:51:11","date_gmt":"2025-07-06T10:51:11","guid":{"rendered":"https:\/\/wgphoto.pl\/t\/?p=19811"},"modified":"2025-07-06T12:51:11","modified_gmt":"2025-07-06T10:51:11","slug":"o-kompatybilnosci","status":"publish","type":"post","link":"https:\/\/wgphoto.pl\/t\/?p=19811","title":{"rendered":"O kompatybilno\u015bci"},"content":{"rendered":"\n<figure class=\"wp-block-image aligncenter size-full\"><img loading=\"lazy\" decoding=\"async\" width=\"1400\" height=\"927\" src=\"https:\/\/wgphoto.pl\/t\/wp-content\/uploads\/2025\/07\/IMGP1556.jpg\" alt=\"\" class=\"wp-image-19812\" srcset=\"https:\/\/wgphoto.pl\/t\/wp-content\/uploads\/2025\/07\/IMGP1556.jpg 1400w, https:\/\/wgphoto.pl\/t\/wp-content\/uploads\/2025\/07\/IMGP1556-300x199.jpg 300w, https:\/\/wgphoto.pl\/t\/wp-content\/uploads\/2025\/07\/IMGP1556-768x509.jpg 768w\" sizes=\"auto, (max-width: 1400px) 100vw, 1400px\" \/><\/figure>\n\n\n\n<div class=\"wp-block-group has-global-padding is-layout-constrained wp-block-group-is-layout-constrained\">\n<p>O\u0142omuniec, ul. 1. m\u00e1je. Na zdj\u0119cie za\u0142apa\u0142 si\u0119 niezbyt urodziwy, lecz ciekawy zestaw EVO1+EVO1\/o 212+124 &#8211; ciekawy, gdy\u017c drugi wagon posiada drzwi z obu stron, lecz kabin\u0119 tylko z jednej. Mo\u017cna zatem przyr\u00f3wna\u0107 ten sk\u0142ad do czego\u015b w rodzaju 105N+111N, przy czym w O\u0142omu\u0144cu zadbano o kompatybilno\u015b\u0107 obu typ\u00f3w. Kadr uzupe\u0142nia 100-metrowa wie\u017ca Katedry \u015aw. Wac\u0142awa. 24.03.2023<\/p>\n<\/div>\n","protected":false},"excerpt":{"rendered":"<p>O\u0142omuniec, ul. 1. m\u00e1je. Na zdj\u0119cie za\u0142apa\u0142 si\u0119 niezbyt urodziwy, lecz ciekawy zestaw EVO1+EVO1\/o 212+124 &#8211; ciekawy, gdy\u017c drugi wagon posiada drzwi z obu stron, lecz kabin\u0119 tylko z jednej. Mo\u017cna zatem przyr\u00f3wna\u0107 ten sk\u0142ad do czego\u015b w rodzaju 105N+111N, przy czym w O\u0142omu\u0144cu zadbano o kompatybilno\u015b\u0107 obu typ\u00f3w. Kadr uzupe\u0142nia 100-metrowa wie\u017ca Katedry \u015aw. [&hellip;]<\/p>\n","protected":false},"author":1,"featured_media":19812,"comment_status":"open","ping_status":"","sticky":false,"template":"","format":"standard","meta":{"footnotes":""},"categories":[6,3],"tags":[4124,49,1013,4198,1012,4094],"class_list":["post-19811","post","type-post","status-publish","format-standard","has-post-thumbnail","hentry","category-2023r","category-tramwaj","tag-2023-03-24","tag-czechy","tag-dpmo-olomouc","tag-evo","tag-olomuniec","tag-powitanie-wiosny-2023"],"_links":{"self":[{"href":"https:\/\/wgphoto.pl\/t\/index.php?rest_route=\/wp\/v2\/posts\/19811","targetHints":{"allow":["GET"]}}],"collection":[{"href":"https:\/\/wgphoto.pl\/t\/index.php?rest_route=\/wp\/v2\/posts"}],"about":[{"href":"https:\/\/wgphoto.pl\/t\/index.php?rest_route=\/wp\/v2\/types\/post"}],"author":[{"embeddable":true,"href":"https:\/\/wgphoto.pl\/t\/index.php?rest_route=\/wp\/v2\/users\/1"}],"replies":[{"embeddable":true,"href":"https:\/\/wgphoto.pl\/t\/index.php?rest_route=%2Fwp%2Fv2%2Fcomments&post=19811"}],"version-history":[{"count":1,"href":"https:\/\/wgphoto.pl\/t\/index.php?rest_route=\/wp\/v2\/posts\/19811\/revisions"}],"predecessor-version":[{"id":19813,"href":"https:\/\/wgphoto.pl\/t\/index.php?rest_route=\/wp\/v2\/posts\/19811\/revisions\/19813"}],"wp:featuredmedia":[{"embeddable":true,"href":"https:\/\/wgphoto.pl\/t\/index.php?rest_route=\/wp\/v2\/media\/19812"}],"wp:attachment":[{"href":"https:\/\/wgphoto.pl\/t\/index.php?rest_route=%2Fwp%2Fv2%2Fmedia&parent=19811"}],"wp:term":[{"taxonomy":"category","embeddable":true,"href":"https:\/\/wgphoto.pl\/t\/index.php?rest_route=%2Fwp%2Fv2%2Fcategories&post=19811"},{"taxonomy":"post_tag","embeddable":true,"href":"https:\/\/wgphoto.pl\/t\/index.php?rest_route=%2Fwp%2Fv2%2Ftags&post=19811"}],"curies":[{"name":"wp","href":"https:\/\/api.w.org\/{rel}","templated":true}]}}