{"id":19814,"date":"2025-07-06T13:00:53","date_gmt":"2025-07-06T11:00:53","guid":{"rendered":"https:\/\/wgphoto.pl\/t\/?p=19814"},"modified":"2026-03-25T19:19:48","modified_gmt":"2026-03-25T18:19:48","slug":"schlos-broich","status":"publish","type":"post","link":"https:\/\/wgphoto.pl\/t\/?p=19814","title":{"rendered":"Schlo\u00df Broich"},"content":{"rendered":"\n<figure class=\"wp-block-image aligncenter size-full\"><img loading=\"lazy\" decoding=\"async\" width=\"1400\" height=\"927\" src=\"https:\/\/wgphoto.pl\/t\/wp-content\/uploads\/2025\/07\/IMGP4780.jpg\" alt=\"\" class=\"wp-image-19815\" srcset=\"https:\/\/wgphoto.pl\/t\/wp-content\/uploads\/2025\/07\/IMGP4780.jpg 1400w, https:\/\/wgphoto.pl\/t\/wp-content\/uploads\/2025\/07\/IMGP4780-300x199.jpg 300w, https:\/\/wgphoto.pl\/t\/wp-content\/uploads\/2025\/07\/IMGP4780-768x509.jpg 768w\" sizes=\"auto, (max-width: 1400px) 100vw, 1400px\" \/><\/figure>\n\n\n\n<div class=\"wp-block-group has-global-padding is-layout-constrained wp-block-group-is-layout-constrained\">\n<p>GT10NC-DU 1022 (obecnie ju\u017c odstawiony) na linii 901 do Duisburga zatrzyma\u0142 si\u0119 na podziemnym przystanku Schlo\u00df Broich w M\u00fclheim an der Ruhr. Odnios\u0142em tam wra\u017cenie pustki i przewymiarowania infrastruktury, znanych mi z Charleroi. Z tego odcinka, poza lini\u0105 901, korzysta wewn\u0105trzmiejska 102. Obie kursuj\u0105 co 15\/30 minut, co jak na premetro jest bardzo s\u0142ab\u0105 ofert\u0105. 20.09.2023<\/p>\n<\/div>\n","protected":false},"excerpt":{"rendered":"<p>GT10NC-DU 1022 (obecnie ju\u017c odstawiony) na linii 901 do Duisburga zatrzyma\u0142 si\u0119 na podziemnym przystanku Schlo\u00df Broich w M\u00fclheim an der Ruhr. Odnios\u0142em tam wra\u017cenie pustki i przewymiarowania infrastruktury, znanych mi z Charleroi. Z tego odcinka, poza lini\u0105 901, korzysta wewn\u0105trzmiejska 102. Obie kursuj\u0105 co 15\/30 minut, co jak na premetro jest bardzo s\u0142ab\u0105 ofert\u0105. [&hellip;]<\/p>\n","protected":false},"author":1,"featured_media":19815,"comment_status":"open","ping_status":"","sticky":false,"template":"","format":"standard","meta":{"footnotes":""},"categories":[6,3],"tags":[2100,559,4200,173,4199,23,103,1333,561,15,2103],"class_list":["post-19814","post","type-post","status-publish","format-standard","has-post-thumbnail","hentry","category-2023r","category-tramwaj","tag-2023-09-20","tag-d-ticket-2023","tag-dvg-duisburg","tag-koncowki","tag-mulheim-an-der-ruhr","tag-niemcy","tag-premetro","tag-splot","tag-tramwaj-podmiejski","tag-tunel","tag-zaglebie-ruhry"],"_links":{"self":[{"href":"https:\/\/wgphoto.pl\/t\/index.php?rest_route=\/wp\/v2\/posts\/19814","targetHints":{"allow":["GET"]}}],"collection":[{"href":"https:\/\/wgphoto.pl\/t\/index.php?rest_route=\/wp\/v2\/posts"}],"about":[{"href":"https:\/\/wgphoto.pl\/t\/index.php?rest_route=\/wp\/v2\/types\/post"}],"author":[{"embeddable":true,"href":"https:\/\/wgphoto.pl\/t\/index.php?rest_route=\/wp\/v2\/users\/1"}],"replies":[{"embeddable":true,"href":"https:\/\/wgphoto.pl\/t\/index.php?rest_route=%2Fwp%2Fv2%2Fcomments&post=19814"}],"version-history":[{"count":1,"href":"https:\/\/wgphoto.pl\/t\/index.php?rest_route=\/wp\/v2\/posts\/19814\/revisions"}],"predecessor-version":[{"id":19816,"href":"https:\/\/wgphoto.pl\/t\/index.php?rest_route=\/wp\/v2\/posts\/19814\/revisions\/19816"}],"wp:featuredmedia":[{"embeddable":true,"href":"https:\/\/wgphoto.pl\/t\/index.php?rest_route=\/wp\/v2\/media\/19815"}],"wp:attachment":[{"href":"https:\/\/wgphoto.pl\/t\/index.php?rest_route=%2Fwp%2Fv2%2Fmedia&parent=19814"}],"wp:term":[{"taxonomy":"category","embeddable":true,"href":"https:\/\/wgphoto.pl\/t\/index.php?rest_route=%2Fwp%2Fv2%2Fcategories&post=19814"},{"taxonomy":"post_tag","embeddable":true,"href":"https:\/\/wgphoto.pl\/t\/index.php?rest_route=%2Fwp%2Fv2%2Ftags&post=19814"}],"curies":[{"name":"wp","href":"https:\/\/api.w.org\/{rel}","templated":true}]}}