{"id":19827,"date":"2025-07-06T14:04:36","date_gmt":"2025-07-06T12:04:36","guid":{"rendered":"https:\/\/wgphoto.pl\/t\/?p=19827"},"modified":"2025-07-06T14:04:36","modified_gmt":"2025-07-06T12:04:36","slug":"wypozyczka-z-cargo","status":"publish","type":"post","link":"https:\/\/wgphoto.pl\/t\/?p=19827","title":{"rendered":"Wypo\u017cyczka z Cargo"},"content":{"rendered":"\n<figure class=\"wp-block-image aligncenter size-full\"><img loading=\"lazy\" decoding=\"async\" width=\"750\" height=\"1000\" src=\"https:\/\/wgphoto.pl\/t\/wp-content\/uploads\/2025\/07\/IMGP8510.jpg\" alt=\"\" class=\"wp-image-19828\" srcset=\"https:\/\/wgphoto.pl\/t\/wp-content\/uploads\/2025\/07\/IMGP8510.jpg 750w, https:\/\/wgphoto.pl\/t\/wp-content\/uploads\/2025\/07\/IMGP8510-225x300.jpg 225w\" sizes=\"auto, (max-width: 750px) 100vw, 750px\" \/><\/figure>\n\n\n\n<div class=\"wp-block-group has-global-padding is-layout-constrained wp-block-group-is-layout-constrained\">\n<p>EU07-065 w nieplanowej (powinna pojecha\u0107 maszyna sp\u00f3\u0142ki IC) obs\u0142udze poci\u0105gu 66101 &#8222;\u015al\u0105zak&#8221; relacji (Przemy\u015bl) &#8211; Wroc\u0142aw G\u0142. &#8211; Zgorzelec na wyje\u017adzie ze stacji Wroc\u0142aw G\u0142\u00f3wny. 15.08.2009<\/p>\n<\/div>\n","protected":false},"excerpt":{"rendered":"<p>EU07-065 w nieplanowej (powinna pojecha\u0107 maszyna sp\u00f3\u0142ki IC) obs\u0142udze poci\u0105gu 66101 &#8222;\u015al\u0105zak&#8221; relacji (Przemy\u015bl) &#8211; Wroc\u0142aw G\u0142. &#8211; Zgorzelec na wyje\u017adzie ze stacji Wroc\u0142aw G\u0142\u00f3wny. 15.08.2009<\/p>\n","protected":false},"author":1,"featured_media":19828,"comment_status":"open","ping_status":"","sticky":false,"template":"","format":"standard","meta":{"footnotes":""},"categories":[2,128,169],"tags":[3745,122,63,1544,27,233,41,180],"class_list":["post-19827","post","type-post","status-publish","format-standard","has-post-thumbnail","hentry","category-kolej","category-pionowe","category-rok-2009","tag-2009-08-15","tag-eu07","tag-pkp","tag-podg-grabiszyn","tag-polska","tag-tab-pl260","tag-wroclaw","tag-wroclaw-glowny"],"_links":{"self":[{"href":"https:\/\/wgphoto.pl\/t\/index.php?rest_route=\/wp\/v2\/posts\/19827","targetHints":{"allow":["GET"]}}],"collection":[{"href":"https:\/\/wgphoto.pl\/t\/index.php?rest_route=\/wp\/v2\/posts"}],"about":[{"href":"https:\/\/wgphoto.pl\/t\/index.php?rest_route=\/wp\/v2\/types\/post"}],"author":[{"embeddable":true,"href":"https:\/\/wgphoto.pl\/t\/index.php?rest_route=\/wp\/v2\/users\/1"}],"replies":[{"embeddable":true,"href":"https:\/\/wgphoto.pl\/t\/index.php?rest_route=%2Fwp%2Fv2%2Fcomments&post=19827"}],"version-history":[{"count":1,"href":"https:\/\/wgphoto.pl\/t\/index.php?rest_route=\/wp\/v2\/posts\/19827\/revisions"}],"predecessor-version":[{"id":19829,"href":"https:\/\/wgphoto.pl\/t\/index.php?rest_route=\/wp\/v2\/posts\/19827\/revisions\/19829"}],"wp:featuredmedia":[{"embeddable":true,"href":"https:\/\/wgphoto.pl\/t\/index.php?rest_route=\/wp\/v2\/media\/19828"}],"wp:attachment":[{"href":"https:\/\/wgphoto.pl\/t\/index.php?rest_route=%2Fwp%2Fv2%2Fmedia&parent=19827"}],"wp:term":[{"taxonomy":"category","embeddable":true,"href":"https:\/\/wgphoto.pl\/t\/index.php?rest_route=%2Fwp%2Fv2%2Fcategories&post=19827"},{"taxonomy":"post_tag","embeddable":true,"href":"https:\/\/wgphoto.pl\/t\/index.php?rest_route=%2Fwp%2Fv2%2Ftags&post=19827"}],"curies":[{"name":"wp","href":"https:\/\/api.w.org\/{rel}","templated":true}]}}