{"id":19830,"date":"2025-07-06T14:05:34","date_gmt":"2025-07-06T12:05:34","guid":{"rendered":"https:\/\/wgphoto.pl\/t\/?p=19830"},"modified":"2025-07-06T14:05:34","modified_gmt":"2025-07-06T12:05:34","slug":"bilovec","status":"publish","type":"post","link":"https:\/\/wgphoto.pl\/t\/?p=19830","title":{"rendered":"B\u00edlovec"},"content":{"rendered":"\n<figure class=\"wp-block-image aligncenter size-full\"><img loading=\"lazy\" decoding=\"async\" width=\"1300\" height=\"870\" src=\"https:\/\/wgphoto.pl\/t\/wp-content\/uploads\/2025\/07\/IMGP5996.jpg\" alt=\"\" class=\"wp-image-19831\" srcset=\"https:\/\/wgphoto.pl\/t\/wp-content\/uploads\/2025\/07\/IMGP5996.jpg 1300w, https:\/\/wgphoto.pl\/t\/wp-content\/uploads\/2025\/07\/IMGP5996-300x201.jpg 300w, https:\/\/wgphoto.pl\/t\/wp-content\/uploads\/2025\/07\/IMGP5996-768x514.jpg 768w\" sizes=\"auto, (max-width: 1300px) 100vw, 1300px\" \/><\/figure>\n\n\n\n<div class=\"wp-block-group has-global-padding is-layout-constrained wp-block-group-is-layout-constrained\">\n<p>Miasteczko B\u00edlovec znajduje si\u0119 7 kilometr\u00f3w od le\u017c\u0105cej na magistrali Ostrawa &#8211; Praga\/B\u0159eclav Stud\u00e9nky. Tak jak na wielu liniach regionu ostrawskiego, tak i tutaj poci\u0105gi kursuj\u0105 w godzinnym takcie przez ca\u0142y dzie\u0144. Wszystkie kursy s\u0105 planowo obs\u0142ugiwane przez regionov\u0119 (na zdj\u0119cie za\u0142apa\u0142a si\u0119 jednostka 814.021). \u015awie\u017co wyremontowany w\u00f3wczas budynek stacyjny mie\u015bci, opr\u00f3cz kas i poczekalni, tak\u017ce us\u0142ugi dodatkowe, ca\u0142o\u015b\u0107 za\u015b stanowi zintegrowany w\u0119ze\u0142 przesiadkowy pomi\u0119dzy komunikacj\u0105 kolejow\u0105 i autobusow\u0105. 16.08.2010<\/p>\n<\/div>\n","protected":false},"excerpt":{"rendered":"<p>Miasteczko B\u00edlovec znajduje si\u0119 7 kilometr\u00f3w od le\u017c\u0105cej na magistrali Ostrawa &#8211; Praga\/B\u0159eclav Stud\u00e9nky. Tak jak na wielu liniach regionu ostrawskiego, tak i tutaj poci\u0105gi kursuj\u0105 w godzinnym takcie przez ca\u0142y dzie\u0144. Wszystkie kursy s\u0105 planowo obs\u0142ugiwane przez regionov\u0119 (na zdj\u0119cie za\u0142apa\u0142a si\u0119 jednostka 814.021). \u015awie\u017co wyremontowany w\u00f3wczas budynek stacyjny mie\u015bci, opr\u00f3cz kas i poczekalni, [&hellip;]<\/p>\n","protected":false},"author":1,"featured_media":19831,"comment_status":"open","ping_status":"","sticky":false,"template":"","format":"standard","meta":{"footnotes":""},"categories":[2,86],"tags":[2639,211,4207,50,49,94,4206],"class_list":["post-19830","post","type-post","status-publish","format-standard","has-post-thumbnail","hentry","category-kolej","category-rok-2010","tag-2010-08-16","tag-211","tag-bilovec","tag-cd","tag-czechy","tag-na-kolejowym-koncu-swiata","tag-tab-cz279"],"_links":{"self":[{"href":"https:\/\/wgphoto.pl\/t\/index.php?rest_route=\/wp\/v2\/posts\/19830","targetHints":{"allow":["GET"]}}],"collection":[{"href":"https:\/\/wgphoto.pl\/t\/index.php?rest_route=\/wp\/v2\/posts"}],"about":[{"href":"https:\/\/wgphoto.pl\/t\/index.php?rest_route=\/wp\/v2\/types\/post"}],"author":[{"embeddable":true,"href":"https:\/\/wgphoto.pl\/t\/index.php?rest_route=\/wp\/v2\/users\/1"}],"replies":[{"embeddable":true,"href":"https:\/\/wgphoto.pl\/t\/index.php?rest_route=%2Fwp%2Fv2%2Fcomments&post=19830"}],"version-history":[{"count":1,"href":"https:\/\/wgphoto.pl\/t\/index.php?rest_route=\/wp\/v2\/posts\/19830\/revisions"}],"predecessor-version":[{"id":19832,"href":"https:\/\/wgphoto.pl\/t\/index.php?rest_route=\/wp\/v2\/posts\/19830\/revisions\/19832"}],"wp:featuredmedia":[{"embeddable":true,"href":"https:\/\/wgphoto.pl\/t\/index.php?rest_route=\/wp\/v2\/media\/19831"}],"wp:attachment":[{"href":"https:\/\/wgphoto.pl\/t\/index.php?rest_route=%2Fwp%2Fv2%2Fmedia&parent=19830"}],"wp:term":[{"taxonomy":"category","embeddable":true,"href":"https:\/\/wgphoto.pl\/t\/index.php?rest_route=%2Fwp%2Fv2%2Fcategories&post=19830"},{"taxonomy":"post_tag","embeddable":true,"href":"https:\/\/wgphoto.pl\/t\/index.php?rest_route=%2Fwp%2Fv2%2Ftags&post=19830"}],"curies":[{"name":"wp","href":"https:\/\/api.w.org\/{rel}","templated":true}]}}