{"id":19833,"date":"2025-07-06T14:06:27","date_gmt":"2025-07-06T12:06:27","guid":{"rendered":"https:\/\/wgphoto.pl\/t\/?p=19833"},"modified":"2025-07-06T14:06:27","modified_gmt":"2025-07-06T12:06:27","slug":"malomiasteczkowy","status":"publish","type":"post","link":"https:\/\/wgphoto.pl\/t\/?p=19833","title":{"rendered":"Ma\u0142omiasteczkowy"},"content":{"rendered":"\n<figure class=\"wp-block-image aligncenter size-full\"><img loading=\"lazy\" decoding=\"async\" width=\"1300\" height=\"874\" src=\"https:\/\/wgphoto.pl\/t\/wp-content\/uploads\/2025\/07\/IMGP5992.jpg\" alt=\"\" class=\"wp-image-19834\" srcset=\"https:\/\/wgphoto.pl\/t\/wp-content\/uploads\/2025\/07\/IMGP5992.jpg 1300w, https:\/\/wgphoto.pl\/t\/wp-content\/uploads\/2025\/07\/IMGP5992-300x202.jpg 300w, https:\/\/wgphoto.pl\/t\/wp-content\/uploads\/2025\/07\/IMGP5992-768x516.jpg 768w\" sizes=\"auto, (max-width: 1300px) 100vw, 1300px\" \/><\/figure>\n\n\n\n<div class=\"wp-block-group has-global-padding is-layout-constrained wp-block-group-is-layout-constrained\">\n<p>Gotha, Waltersh\u00e4user Stra\u00dfe. KT4DC 315 (ex-Erfurt, czego nie skrywaj\u0105 nawet barwy pozostawione po poprzednim w\u0142a\u015bcicielu) mija ma\u0142omiasteczkow\u0105, acz \u0142adn\u0105 zabudow\u0119. 14.08.2016<\/p>\n<\/div>\n","protected":false},"excerpt":{"rendered":"<p>Gotha, Waltersh\u00e4user Stra\u00dfe. KT4DC 315 (ex-Erfurt, czego nie skrywaj\u0105 nawet barwy pozostawione po poprzednim w\u0142a\u015bcicielu) mija ma\u0142omiasteczkow\u0105, acz \u0142adn\u0105 zabudow\u0119. 14.08.2016<\/p>\n","protected":false},"author":1,"featured_media":19834,"comment_status":"open","ping_status":"","sticky":false,"template":"","format":"standard","meta":{"footnotes":""},"categories":[125,3],"tags":[1962,34,1961,23,33,1960],"class_list":["post-19833","post","type-post","status-publish","format-standard","has-post-thumbnail","hentry","category-rok-2016","category-tramwaj","tag-2016-08-14","tag-architektura","tag-gotha","tag-niemcy","tag-tatra-kt4","tag-twsb-gotha"],"_links":{"self":[{"href":"https:\/\/wgphoto.pl\/t\/index.php?rest_route=\/wp\/v2\/posts\/19833","targetHints":{"allow":["GET"]}}],"collection":[{"href":"https:\/\/wgphoto.pl\/t\/index.php?rest_route=\/wp\/v2\/posts"}],"about":[{"href":"https:\/\/wgphoto.pl\/t\/index.php?rest_route=\/wp\/v2\/types\/post"}],"author":[{"embeddable":true,"href":"https:\/\/wgphoto.pl\/t\/index.php?rest_route=\/wp\/v2\/users\/1"}],"replies":[{"embeddable":true,"href":"https:\/\/wgphoto.pl\/t\/index.php?rest_route=%2Fwp%2Fv2%2Fcomments&post=19833"}],"version-history":[{"count":1,"href":"https:\/\/wgphoto.pl\/t\/index.php?rest_route=\/wp\/v2\/posts\/19833\/revisions"}],"predecessor-version":[{"id":19835,"href":"https:\/\/wgphoto.pl\/t\/index.php?rest_route=\/wp\/v2\/posts\/19833\/revisions\/19835"}],"wp:featuredmedia":[{"embeddable":true,"href":"https:\/\/wgphoto.pl\/t\/index.php?rest_route=\/wp\/v2\/media\/19834"}],"wp:attachment":[{"href":"https:\/\/wgphoto.pl\/t\/index.php?rest_route=%2Fwp%2Fv2%2Fmedia&parent=19833"}],"wp:term":[{"taxonomy":"category","embeddable":true,"href":"https:\/\/wgphoto.pl\/t\/index.php?rest_route=%2Fwp%2Fv2%2Fcategories&post=19833"},{"taxonomy":"post_tag","embeddable":true,"href":"https:\/\/wgphoto.pl\/t\/index.php?rest_route=%2Fwp%2Fv2%2Ftags&post=19833"}],"curies":[{"name":"wp","href":"https:\/\/api.w.org\/{rel}","templated":true}]}}