{"id":19840,"date":"2025-07-06T14:09:07","date_gmt":"2025-07-06T12:09:07","guid":{"rendered":"https:\/\/wgphoto.pl\/t\/?p=19840"},"modified":"2025-07-06T14:09:07","modified_gmt":"2025-07-06T12:09:07","slug":"tatrzanska-lomnica","status":"publish","type":"post","link":"https:\/\/wgphoto.pl\/t\/?p=19840","title":{"rendered":"Tatrza\u0144ska \u0141omnica"},"content":{"rendered":"\n<figure class=\"wp-block-image aligncenter size-full\"><img loading=\"lazy\" decoding=\"async\" width=\"1300\" height=\"861\" src=\"https:\/\/wgphoto.pl\/t\/wp-content\/uploads\/2025\/07\/IMGP4715.jpg\" alt=\"\" class=\"wp-image-19841\" srcset=\"https:\/\/wgphoto.pl\/t\/wp-content\/uploads\/2025\/07\/IMGP4715.jpg 1300w, https:\/\/wgphoto.pl\/t\/wp-content\/uploads\/2025\/07\/IMGP4715-300x199.jpg 300w, https:\/\/wgphoto.pl\/t\/wp-content\/uploads\/2025\/07\/IMGP4715-768x509.jpg 768w\" sizes=\"auto, (max-width: 1300px) 100vw, 1300px\" \/><\/figure>\n\n\n\n<div class=\"wp-block-group has-global-padding is-layout-constrained wp-block-group-is-layout-constrained\">\n<p>840.001 jako poci\u0105g osobowy 8426 do Studen\u00e9ho Potoka na par\u0119 minut przed odjazdem ze stacji Tatransk\u00e1 Lomnica. Obecnie je\u017cd\u017c\u0105 tu zwyczajne motoraki serii 812, za\u015b nowoczesne, cho\u0107 nie m\u0142ode, Stadlery odjecha\u0142y do obs\u0142ugi trasy Bratys\u0142awa &#8211; Kom\u00e1rno, gdzie narodowy przewo\u017anik musia\u0142 wytoczy\u0107 grube dzia\u0142a aby si\u0119 pozby\u0107 czeskiego prywaciarza RegioJet. 15.08.2019<\/p>\n<\/div>\n","protected":false},"excerpt":{"rendered":"<p>840.001 jako poci\u0105g osobowy 8426 do Studen\u00e9ho Potoka na par\u0119 minut przed odjazdem ze stacji Tatransk\u00e1 Lomnica. Obecnie je\u017cd\u017c\u0105 tu zwyczajne motoraki serii 812, za\u015b nowoczesne, cho\u0107 nie m\u0142ode, Stadlery odjecha\u0142y do obs\u0142ugi trasy Bratys\u0142awa &#8211; Kom\u00e1rno, gdzie narodowy przewo\u017anik musia\u0142 wytoczy\u0107 grube dzia\u0142a aby si\u0119 pozby\u0107 czeskiego prywaciarza RegioJet. 15.08.2019<\/p>\n","protected":false},"author":1,"featured_media":19841,"comment_status":"open","ping_status":"","sticky":false,"template":"","format":"standard","meta":{"footnotes":""},"categories":[2,136],"tags":[1163,1601,94,1168,675,3024,4208,469],"class_list":["post-19840","post","type-post","status-publish","format-standard","has-post-thumbnail","hentry","category-kolej","category-rok-2019","tag-2019-08-15","tag-1601","tag-na-kolejowym-koncu-swiata","tag-sierpniowka-2019","tag-slowacja","tag-stadler-gtw","tag-tatranska-lomnica","tag-zssk"],"_links":{"self":[{"href":"https:\/\/wgphoto.pl\/t\/index.php?rest_route=\/wp\/v2\/posts\/19840","targetHints":{"allow":["GET"]}}],"collection":[{"href":"https:\/\/wgphoto.pl\/t\/index.php?rest_route=\/wp\/v2\/posts"}],"about":[{"href":"https:\/\/wgphoto.pl\/t\/index.php?rest_route=\/wp\/v2\/types\/post"}],"author":[{"embeddable":true,"href":"https:\/\/wgphoto.pl\/t\/index.php?rest_route=\/wp\/v2\/users\/1"}],"replies":[{"embeddable":true,"href":"https:\/\/wgphoto.pl\/t\/index.php?rest_route=%2Fwp%2Fv2%2Fcomments&post=19840"}],"version-history":[{"count":1,"href":"https:\/\/wgphoto.pl\/t\/index.php?rest_route=\/wp\/v2\/posts\/19840\/revisions"}],"predecessor-version":[{"id":19842,"href":"https:\/\/wgphoto.pl\/t\/index.php?rest_route=\/wp\/v2\/posts\/19840\/revisions\/19842"}],"wp:featuredmedia":[{"embeddable":true,"href":"https:\/\/wgphoto.pl\/t\/index.php?rest_route=\/wp\/v2\/media\/19841"}],"wp:attachment":[{"href":"https:\/\/wgphoto.pl\/t\/index.php?rest_route=%2Fwp%2Fv2%2Fmedia&parent=19840"}],"wp:term":[{"taxonomy":"category","embeddable":true,"href":"https:\/\/wgphoto.pl\/t\/index.php?rest_route=%2Fwp%2Fv2%2Fcategories&post=19840"},{"taxonomy":"post_tag","embeddable":true,"href":"https:\/\/wgphoto.pl\/t\/index.php?rest_route=%2Fwp%2Fv2%2Ftags&post=19840"}],"curies":[{"name":"wp","href":"https:\/\/api.w.org\/{rel}","templated":true}]}}