{"id":19846,"date":"2025-07-06T14:12:03","date_gmt":"2025-07-06T12:12:03","guid":{"rendered":"https:\/\/wgphoto.pl\/t\/?p=19846"},"modified":"2025-07-06T14:13:51","modified_gmt":"2025-07-06T12:13:51","slug":"nowe-metro","status":"publish","type":"post","link":"https:\/\/wgphoto.pl\/t\/?p=19846","title":{"rendered":"Nowe metro"},"content":{"rendered":"\n<figure class=\"wp-block-image aligncenter size-full\"><img loading=\"lazy\" decoding=\"async\" width=\"1300\" height=\"861\" src=\"https:\/\/wgphoto.pl\/t\/wp-content\/uploads\/2025\/07\/IMGP0916-1.jpg\" alt=\"\" class=\"wp-image-19847\" srcset=\"https:\/\/wgphoto.pl\/t\/wp-content\/uploads\/2025\/07\/IMGP0916-1.jpg 1300w, https:\/\/wgphoto.pl\/t\/wp-content\/uploads\/2025\/07\/IMGP0916-1-300x199.jpg 300w, https:\/\/wgphoto.pl\/t\/wp-content\/uploads\/2025\/07\/IMGP0916-1-768x509.jpg 768w\" sizes=\"auto, (max-width: 1300px) 100vw, 1300px\" \/><\/figure>\n\n\n\n<div class=\"wp-block-group has-global-padding is-layout-constrained wp-block-group-is-layout-constrained\">\n<p>Sk\u0142ad produkcji CAF (rok 2008) typu M6 Boa nr 625+626 wje\u017cd\u017ca na stacj\u0119 Schuman w Brukseli, gdzie pod ziemi\u0105 trasa metra krzy\u017cuje si\u0119 w ciekawy spos\u00f3b z kolej\u0105. Chyba nigdzie indziej nie widzia\u0142em podziemnego wiaduktu. 17.08.2018<\/p>\n<\/div>\n","protected":false},"excerpt":{"rendered":"<p>Sk\u0142ad produkcji CAF (rok 2008) typu M6 Boa nr 625+626 wje\u017cd\u017ca na stacj\u0119 Schuman w Brukseli, gdzie pod ziemi\u0105 trasa metra krzy\u017cuje si\u0119 w ciekawy spos\u00f3b z kolej\u0105. Chyba nigdzie indziej nie widzia\u0142em podziemnego wiaduktu. 17.08.2018<\/p>\n","protected":false},"author":1,"featured_media":19847,"comment_status":"open","ping_status":"","sticky":false,"template":"","format":"standard","meta":{"footnotes":""},"categories":[4,156],"tags":[697,695,696,692,4213,693,15],"class_list":["post-19846","post","type-post","status-publish","format-standard","has-post-thumbnail","hentry","category-metro","category-rok-2018","tag-2018-08-17","tag-belgia","tag-belgia-2018","tag-bruksela","tag-brusselse-metro","tag-stib-mivb-bruxelles","tag-tunel"],"_links":{"self":[{"href":"https:\/\/wgphoto.pl\/t\/index.php?rest_route=\/wp\/v2\/posts\/19846","targetHints":{"allow":["GET"]}}],"collection":[{"href":"https:\/\/wgphoto.pl\/t\/index.php?rest_route=\/wp\/v2\/posts"}],"about":[{"href":"https:\/\/wgphoto.pl\/t\/index.php?rest_route=\/wp\/v2\/types\/post"}],"author":[{"embeddable":true,"href":"https:\/\/wgphoto.pl\/t\/index.php?rest_route=\/wp\/v2\/users\/1"}],"replies":[{"embeddable":true,"href":"https:\/\/wgphoto.pl\/t\/index.php?rest_route=%2Fwp%2Fv2%2Fcomments&post=19846"}],"version-history":[{"count":1,"href":"https:\/\/wgphoto.pl\/t\/index.php?rest_route=\/wp\/v2\/posts\/19846\/revisions"}],"predecessor-version":[{"id":19848,"href":"https:\/\/wgphoto.pl\/t\/index.php?rest_route=\/wp\/v2\/posts\/19846\/revisions\/19848"}],"wp:featuredmedia":[{"embeddable":true,"href":"https:\/\/wgphoto.pl\/t\/index.php?rest_route=\/wp\/v2\/media\/19847"}],"wp:attachment":[{"href":"https:\/\/wgphoto.pl\/t\/index.php?rest_route=%2Fwp%2Fv2%2Fmedia&parent=19846"}],"wp:term":[{"taxonomy":"category","embeddable":true,"href":"https:\/\/wgphoto.pl\/t\/index.php?rest_route=%2Fwp%2Fv2%2Fcategories&post=19846"},{"taxonomy":"post_tag","embeddable":true,"href":"https:\/\/wgphoto.pl\/t\/index.php?rest_route=%2Fwp%2Fv2%2Ftags&post=19846"}],"curies":[{"name":"wp","href":"https:\/\/api.w.org\/{rel}","templated":true}]}}