{"id":19866,"date":"2025-07-06T20:18:34","date_gmt":"2025-07-06T18:18:34","guid":{"rendered":"https:\/\/wgphoto.pl\/t\/?p=19866"},"modified":"2025-07-06T20:18:34","modified_gmt":"2025-07-06T18:18:34","slug":"tanulojarat","status":"publish","type":"post","link":"https:\/\/wgphoto.pl\/t\/?p=19866","title":{"rendered":"Tanul\u00f3j\u00e1rat"},"content":{"rendered":"\n<figure class=\"wp-block-image aligncenter size-full\"><img loading=\"lazy\" decoding=\"async\" width=\"1300\" height=\"861\" src=\"https:\/\/wgphoto.pl\/t\/wp-content\/uploads\/2025\/07\/IMGP2490-1.jpg\" alt=\"\" class=\"wp-image-19867\" srcset=\"https:\/\/wgphoto.pl\/t\/wp-content\/uploads\/2025\/07\/IMGP2490-1.jpg 1300w, https:\/\/wgphoto.pl\/t\/wp-content\/uploads\/2025\/07\/IMGP2490-1-300x199.jpg 300w, https:\/\/wgphoto.pl\/t\/wp-content\/uploads\/2025\/07\/IMGP2490-1-768x509.jpg 768w\" sizes=\"auto, (max-width: 1300px) 100vw, 1300px\" \/><\/figure>\n\n\n\n<div class=\"wp-block-group has-global-padding is-layout-constrained wp-block-group-is-layout-constrained\">\n<p>Segedyn, J\u00f3zsef Attila sug\u00e1r\u00fat. Sk\u0142ad T6A2+TB6A2 911+951 jako nauka jazdy jedzie w kierunku p\u0119tli Tarj\u00e1n. Tramwaj jest warty uwagi, bowiem pierwszy wagon (rok prod. 1997) trafi\u0142 do Segedynu wprost z fabryki \u010cKD, za\u015b doczepa pochodzi z Rostocku i po zakupie prez W\u0119gr\u00f3w w 2008 roku zosta\u0142a przebudowana na czynn\u0105. Segedyn jest chyba jedynym miastem, kt\u00f3re eksploatuje doczepy czynne tego typu, jest ich ca\u0142e 4 sztuki. 21.08.2015<\/p>\n<\/div>\n","protected":false},"excerpt":{"rendered":"<p>Segedyn, J\u00f3zsef Attila sug\u00e1r\u00fat. Sk\u0142ad T6A2+TB6A2 911+951 jako nauka jazdy jedzie w kierunku p\u0119tli Tarj\u00e1n. Tramwaj jest warty uwagi, bowiem pierwszy wagon (rok prod. 1997) trafi\u0142 do Segedynu wprost z fabryki \u010cKD, za\u015b doczepa pochodzi z Rostocku i po zakupie prez W\u0119gr\u00f3w w 2008 roku zosta\u0142a przebudowana na czynn\u0105. Segedyn jest chyba jedynym miastem, kt\u00f3re [&hellip;]<\/p>\n","protected":false},"author":1,"featured_media":19867,"comment_status":"open","ping_status":"","sticky":false,"template":"","format":"standard","meta":{"footnotes":""},"categories":[104,3],"tags":[109,13,494,106,1790,841,107,105],"class_list":["post-19866","post","type-post","status-publish","format-standard","has-post-thumbnail","hentry","category-rok-2015","category-tramwaj","tag-2015-08-21","tag-deszcz","tag-flaga","tag-segedyn","tag-szkt-szeged","tag-tatra-t6","tag-wakacje-2015","tag-wegry"],"_links":{"self":[{"href":"https:\/\/wgphoto.pl\/t\/index.php?rest_route=\/wp\/v2\/posts\/19866","targetHints":{"allow":["GET"]}}],"collection":[{"href":"https:\/\/wgphoto.pl\/t\/index.php?rest_route=\/wp\/v2\/posts"}],"about":[{"href":"https:\/\/wgphoto.pl\/t\/index.php?rest_route=\/wp\/v2\/types\/post"}],"author":[{"embeddable":true,"href":"https:\/\/wgphoto.pl\/t\/index.php?rest_route=\/wp\/v2\/users\/1"}],"replies":[{"embeddable":true,"href":"https:\/\/wgphoto.pl\/t\/index.php?rest_route=%2Fwp%2Fv2%2Fcomments&post=19866"}],"version-history":[{"count":1,"href":"https:\/\/wgphoto.pl\/t\/index.php?rest_route=\/wp\/v2\/posts\/19866\/revisions"}],"predecessor-version":[{"id":19868,"href":"https:\/\/wgphoto.pl\/t\/index.php?rest_route=\/wp\/v2\/posts\/19866\/revisions\/19868"}],"wp:featuredmedia":[{"embeddable":true,"href":"https:\/\/wgphoto.pl\/t\/index.php?rest_route=\/wp\/v2\/media\/19867"}],"wp:attachment":[{"href":"https:\/\/wgphoto.pl\/t\/index.php?rest_route=%2Fwp%2Fv2%2Fmedia&parent=19866"}],"wp:term":[{"taxonomy":"category","embeddable":true,"href":"https:\/\/wgphoto.pl\/t\/index.php?rest_route=%2Fwp%2Fv2%2Fcategories&post=19866"},{"taxonomy":"post_tag","embeddable":true,"href":"https:\/\/wgphoto.pl\/t\/index.php?rest_route=%2Fwp%2Fv2%2Ftags&post=19866"}],"curies":[{"name":"wp","href":"https:\/\/api.w.org\/{rel}","templated":true}]}}