{"id":19872,"date":"2025-07-06T20:20:23","date_gmt":"2025-07-06T18:20:23","guid":{"rendered":"https:\/\/wgphoto.pl\/t\/?p=19872"},"modified":"2026-02-22T23:18:43","modified_gmt":"2026-02-22T22:18:43","slug":"wiedenska-tuba","status":"publish","type":"post","link":"https:\/\/wgphoto.pl\/t\/?p=19872","title":{"rendered":"Wiede\u0144ska tuba"},"content":{"rendered":"\n<figure class=\"wp-block-image aligncenter size-full\"><img loading=\"lazy\" decoding=\"async\" width=\"1300\" height=\"861\" src=\"https:\/\/wgphoto.pl\/t\/wp-content\/uploads\/2025\/07\/IMGP1453.jpg\" alt=\"\" class=\"wp-image-19873\" srcset=\"https:\/\/wgphoto.pl\/t\/wp-content\/uploads\/2025\/07\/IMGP1453.jpg 1300w, https:\/\/wgphoto.pl\/t\/wp-content\/uploads\/2025\/07\/IMGP1453-300x199.jpg 300w, https:\/\/wgphoto.pl\/t\/wp-content\/uploads\/2025\/07\/IMGP1453-768x509.jpg 768w\" sizes=\"auto, (max-width: 1300px) 100vw, 1300px\" \/><\/figure>\n\n\n\n<div class=\"wp-block-group has-global-padding is-layout-constrained wp-block-group-is-layout-constrained\">\n<p>Wiede\u0144, Enkplatz. Niby nic, bo i stacje wiede\u0144skiego U-bahnu s\u0105 do b\u00f3lu monotonne, ale dzi\u0119ki wyr\u00f3wnaniu \u015bwiat\u0142a pomi\u0119dzy jasnym peronem i &#8222;czarn\u0105 dziur\u0105&#8221; nad i za torem (kt\u00f3ry to kontrast jest na \u017cywo bardzo widoczny) uda\u0142o si\u0119 uzyska\u0107 \u0142adny zarys okr\u0105g\u0142ego przekroju tunelu, kt\u00f3ry podkre\u015blaj\u0105 dodatkowo kr\u0105g\u0142o\u015bci stacji na linii U3 (i tylko na tej linii). 25.12.2013<\/p>\n<\/div>\n","protected":false},"excerpt":{"rendered":"<p>Wiede\u0144, Enkplatz. Niby nic, bo i stacje wiede\u0144skiego U-bahnu s\u0105 do b\u00f3lu monotonne, ale dzi\u0119ki wyr\u00f3wnaniu \u015bwiat\u0142a pomi\u0119dzy jasnym peronem i &#8222;czarn\u0105 dziur\u0105&#8221; nad i za torem (kt\u00f3ry to kontrast jest na \u017cywo bardzo widoczny) uda\u0142o si\u0119 uzyska\u0107 \u0142adny zarys okr\u0105g\u0142ego przekroju tunelu, kt\u00f3ry podkre\u015blaj\u0105 dodatkowo kr\u0105g\u0142o\u015bci stacji na linii U3 (i tylko na tej [&hellip;]<\/p>\n","protected":false},"author":1,"featured_media":19873,"comment_status":"open","ping_status":"","sticky":false,"template":"","format":"standard","meta":{"footnotes":""},"categories":[4,55],"tags":[2862,9,276,15,4680,99,97,98],"class_list":["post-19872","post","type-post","status-publish","format-standard","has-post-thumbnail","hentry","category-metro","category-rok-2013","tag-2013-12-25","tag-austria","tag-stacje-wiedenskiego-metra","tag-tunel","tag-u","tag-u-bahn-wien","tag-wieden","tag-wiener-linien"],"_links":{"self":[{"href":"https:\/\/wgphoto.pl\/t\/index.php?rest_route=\/wp\/v2\/posts\/19872","targetHints":{"allow":["GET"]}}],"collection":[{"href":"https:\/\/wgphoto.pl\/t\/index.php?rest_route=\/wp\/v2\/posts"}],"about":[{"href":"https:\/\/wgphoto.pl\/t\/index.php?rest_route=\/wp\/v2\/types\/post"}],"author":[{"embeddable":true,"href":"https:\/\/wgphoto.pl\/t\/index.php?rest_route=\/wp\/v2\/users\/1"}],"replies":[{"embeddable":true,"href":"https:\/\/wgphoto.pl\/t\/index.php?rest_route=%2Fwp%2Fv2%2Fcomments&post=19872"}],"version-history":[{"count":1,"href":"https:\/\/wgphoto.pl\/t\/index.php?rest_route=\/wp\/v2\/posts\/19872\/revisions"}],"predecessor-version":[{"id":19874,"href":"https:\/\/wgphoto.pl\/t\/index.php?rest_route=\/wp\/v2\/posts\/19872\/revisions\/19874"}],"wp:featuredmedia":[{"embeddable":true,"href":"https:\/\/wgphoto.pl\/t\/index.php?rest_route=\/wp\/v2\/media\/19873"}],"wp:attachment":[{"href":"https:\/\/wgphoto.pl\/t\/index.php?rest_route=%2Fwp%2Fv2%2Fmedia&parent=19872"}],"wp:term":[{"taxonomy":"category","embeddable":true,"href":"https:\/\/wgphoto.pl\/t\/index.php?rest_route=%2Fwp%2Fv2%2Fcategories&post=19872"},{"taxonomy":"post_tag","embeddable":true,"href":"https:\/\/wgphoto.pl\/t\/index.php?rest_route=%2Fwp%2Fv2%2Ftags&post=19872"}],"curies":[{"name":"wp","href":"https:\/\/api.w.org\/{rel}","templated":true}]}}