{"id":19894,"date":"2025-07-06T20:28:28","date_gmt":"2025-07-06T18:28:28","guid":{"rendered":"https:\/\/wgphoto.pl\/t\/?p=19894"},"modified":"2025-07-06T20:28:28","modified_gmt":"2025-07-06T18:28:28","slug":"et22-257-ziebice","status":"publish","type":"post","link":"https:\/\/wgphoto.pl\/t\/?p=19894","title":{"rendered":"ET22-257, Zi\u0119bice"},"content":{"rendered":"\n<figure class=\"wp-block-image aligncenter size-full\"><img loading=\"lazy\" decoding=\"async\" width=\"1300\" height=\"861\" src=\"https:\/\/wgphoto.pl\/t\/wp-content\/uploads\/2025\/07\/0528-01_rsn.jpg\" alt=\"\" class=\"wp-image-19895\" srcset=\"https:\/\/wgphoto.pl\/t\/wp-content\/uploads\/2025\/07\/0528-01_rsn.jpg 1300w, https:\/\/wgphoto.pl\/t\/wp-content\/uploads\/2025\/07\/0528-01_rsn-300x199.jpg 300w, https:\/\/wgphoto.pl\/t\/wp-content\/uploads\/2025\/07\/0528-01_rsn-768x509.jpg 768w\" sizes=\"auto, (max-width: 1300px) 100vw, 1300px\" \/><\/figure>\n\n\n\n<div class=\"wp-block-group has-global-padding is-layout-constrained wp-block-group-is-layout-constrained\">\n<p>ET22-257 ze sk\u0142adem towarowym niedawno min\u0119\u0142a stacj\u0119 w Zi\u0119bicach, kt\u00f3rych to zabudowania widoczne s\u0105 po prawej. 22.09.2005<\/p>\n<\/div>\n","protected":false},"excerpt":{"rendered":"<p>ET22-257 ze sk\u0142adem towarowym niedawno min\u0119\u0142a stacj\u0119 w Zi\u0119bicach, kt\u00f3rych to zabudowania widoczne s\u0105 po prawej. 22.09.2005<\/p>\n","protected":false},"author":1,"featured_media":19895,"comment_status":"open","ping_status":"","sticky":false,"template":"","format":"standard","meta":{"footnotes":""},"categories":[62,2,311],"tags":[1348,26,63,27,653,383,654],"class_list":["post-19894","post","type-post","status-publish","format-standard","has-post-thumbnail","hentry","category-analog","category-kolej","category-rok-2005","tag-2005-09-22","tag-et22","tag-pkp","tag-polska","tag-starczow","tag-tab-pl230","tag-ziebice"],"_links":{"self":[{"href":"https:\/\/wgphoto.pl\/t\/index.php?rest_route=\/wp\/v2\/posts\/19894","targetHints":{"allow":["GET"]}}],"collection":[{"href":"https:\/\/wgphoto.pl\/t\/index.php?rest_route=\/wp\/v2\/posts"}],"about":[{"href":"https:\/\/wgphoto.pl\/t\/index.php?rest_route=\/wp\/v2\/types\/post"}],"author":[{"embeddable":true,"href":"https:\/\/wgphoto.pl\/t\/index.php?rest_route=\/wp\/v2\/users\/1"}],"replies":[{"embeddable":true,"href":"https:\/\/wgphoto.pl\/t\/index.php?rest_route=%2Fwp%2Fv2%2Fcomments&post=19894"}],"version-history":[{"count":1,"href":"https:\/\/wgphoto.pl\/t\/index.php?rest_route=\/wp\/v2\/posts\/19894\/revisions"}],"predecessor-version":[{"id":19896,"href":"https:\/\/wgphoto.pl\/t\/index.php?rest_route=\/wp\/v2\/posts\/19894\/revisions\/19896"}],"wp:featuredmedia":[{"embeddable":true,"href":"https:\/\/wgphoto.pl\/t\/index.php?rest_route=\/wp\/v2\/media\/19895"}],"wp:attachment":[{"href":"https:\/\/wgphoto.pl\/t\/index.php?rest_route=%2Fwp%2Fv2%2Fmedia&parent=19894"}],"wp:term":[{"taxonomy":"category","embeddable":true,"href":"https:\/\/wgphoto.pl\/t\/index.php?rest_route=%2Fwp%2Fv2%2Fcategories&post=19894"},{"taxonomy":"post_tag","embeddable":true,"href":"https:\/\/wgphoto.pl\/t\/index.php?rest_route=%2Fwp%2Fv2%2Ftags&post=19894"}],"curies":[{"name":"wp","href":"https:\/\/api.w.org\/{rel}","templated":true}]}}