{"id":19897,"date":"2025-07-06T20:29:25","date_gmt":"2025-07-06T18:29:25","guid":{"rendered":"https:\/\/wgphoto.pl\/t\/?p=19897"},"modified":"2025-07-06T20:29:25","modified_gmt":"2025-07-06T18:29:25","slug":"trzy-epoki","status":"publish","type":"post","link":"https:\/\/wgphoto.pl\/t\/?p=19897","title":{"rendered":"Trzy epoki"},"content":{"rendered":"\n<figure class=\"wp-block-image aligncenter size-full\"><img loading=\"lazy\" decoding=\"async\" width=\"1300\" height=\"813\" src=\"https:\/\/wgphoto.pl\/t\/wp-content\/uploads\/2025\/07\/0612-09_rsn.jpg\" alt=\"\" class=\"wp-image-19898\" srcset=\"https:\/\/wgphoto.pl\/t\/wp-content\/uploads\/2025\/07\/0612-09_rsn.jpg 1300w, https:\/\/wgphoto.pl\/t\/wp-content\/uploads\/2025\/07\/0612-09_rsn-300x188.jpg 300w, https:\/\/wgphoto.pl\/t\/wp-content\/uploads\/2025\/07\/0612-09_rsn-768x480.jpg 768w\" sizes=\"auto, (max-width: 1300px) 100vw, 1300px\" \/><\/figure>\n\n\n\n<div class=\"wp-block-group has-global-padding is-layout-constrained wp-block-group-is-layout-constrained\">\n<p>Wiede\u0144, Karlsplatz. Od lewej stoj\u0105: M 4148 jako okoliczno\u015bciowy wynajem (Geburstagssonderzug), MAN NL273 T2 Lion&#8217;s City 8418 jako kulaj\u0105ce si\u0119 po centrum 4A i E1 4660 solo na jednej z d\u0142u\u017cszych linii tramwajowych &#8211; 62. 01.07.2006<\/p>\n<\/div>\n","protected":false},"excerpt":{"rendered":"<p>Wiede\u0144, Karlsplatz. Od lewej stoj\u0105: M 4148 jako okoliczno\u015bciowy wynajem (Geburstagssonderzug), MAN NL273 T2 Lion&#8217;s City 8418 jako kulaj\u0105ce si\u0119 po centrum 4A i E1 4660 solo na jednej z d\u0142u\u017cszych linii tramwajowych &#8211; 62. 01.07.2006<\/p>\n","protected":false},"author":1,"featured_media":19898,"comment_status":"open","ping_status":"","sticky":false,"template":"","format":"standard","meta":{"footnotes":""},"categories":[62,130,3],"tags":[4195,9,898,102,101,139,97,98],"class_list":["post-19897","post","type-post","status-publish","format-standard","has-post-thumbnail","hentry","category-analog","category-rok-2006","category-tramwaj","tag-2006-07-01","tag-austria","tag-autobus","tag-e1","tag-gt6","tag-retro","tag-wieden","tag-wiener-linien"],"_links":{"self":[{"href":"https:\/\/wgphoto.pl\/t\/index.php?rest_route=\/wp\/v2\/posts\/19897","targetHints":{"allow":["GET"]}}],"collection":[{"href":"https:\/\/wgphoto.pl\/t\/index.php?rest_route=\/wp\/v2\/posts"}],"about":[{"href":"https:\/\/wgphoto.pl\/t\/index.php?rest_route=\/wp\/v2\/types\/post"}],"author":[{"embeddable":true,"href":"https:\/\/wgphoto.pl\/t\/index.php?rest_route=\/wp\/v2\/users\/1"}],"replies":[{"embeddable":true,"href":"https:\/\/wgphoto.pl\/t\/index.php?rest_route=%2Fwp%2Fv2%2Fcomments&post=19897"}],"version-history":[{"count":1,"href":"https:\/\/wgphoto.pl\/t\/index.php?rest_route=\/wp\/v2\/posts\/19897\/revisions"}],"predecessor-version":[{"id":19899,"href":"https:\/\/wgphoto.pl\/t\/index.php?rest_route=\/wp\/v2\/posts\/19897\/revisions\/19899"}],"wp:featuredmedia":[{"embeddable":true,"href":"https:\/\/wgphoto.pl\/t\/index.php?rest_route=\/wp\/v2\/media\/19898"}],"wp:attachment":[{"href":"https:\/\/wgphoto.pl\/t\/index.php?rest_route=%2Fwp%2Fv2%2Fmedia&parent=19897"}],"wp:term":[{"taxonomy":"category","embeddable":true,"href":"https:\/\/wgphoto.pl\/t\/index.php?rest_route=%2Fwp%2Fv2%2Fcategories&post=19897"},{"taxonomy":"post_tag","embeddable":true,"href":"https:\/\/wgphoto.pl\/t\/index.php?rest_route=%2Fwp%2Fv2%2Ftags&post=19897"}],"curies":[{"name":"wp","href":"https:\/\/api.w.org\/{rel}","templated":true}]}}