{"id":19906,"date":"2025-07-06T20:33:31","date_gmt":"2025-07-06T18:33:31","guid":{"rendered":"https:\/\/wgphoto.pl\/t\/?p=19906"},"modified":"2025-07-06T20:33:31","modified_gmt":"2025-07-06T18:33:31","slug":"szklarska-poreba-gorna-po-staremu","status":"publish","type":"post","link":"https:\/\/wgphoto.pl\/t\/?p=19906","title":{"rendered":"Szklarska Por\u0119ba G\u00f3rna po staremu"},"content":{"rendered":"\n<figure class=\"wp-block-image aligncenter size-full\"><img loading=\"lazy\" decoding=\"async\" width=\"1300\" height=\"867\" src=\"https:\/\/wgphoto.pl\/t\/wp-content\/uploads\/2025\/07\/2001k-33_rsn.jpg\" alt=\"\" class=\"wp-image-19907\" srcset=\"https:\/\/wgphoto.pl\/t\/wp-content\/uploads\/2025\/07\/2001k-33_rsn.jpg 1300w, https:\/\/wgphoto.pl\/t\/wp-content\/uploads\/2025\/07\/2001k-33_rsn-300x200.jpg 300w, https:\/\/wgphoto.pl\/t\/wp-content\/uploads\/2025\/07\/2001k-33_rsn-768x512.jpg 768w\" sizes=\"auto, (max-width: 1300px) 100vw, 1300px\" \/><\/figure>\n\n\n\n<div class=\"wp-block-group has-global-padding is-layout-constrained wp-block-group-is-layout-constrained\">\n<p>EU07-306 z nocnym poci\u0105giem osobowo-pospiesznym 65222 do Gdyni (osobowym najprawdopodobniej na odcinku do Jeleniej G\u00f3ry) przed odjazdem ze Szklarskiej Por\u0119by G\u00f3rnej. 15.06.2001<\/p>\n<\/div>\n","protected":false},"excerpt":{"rendered":"<p>EU07-306 z nocnym poci\u0105giem osobowo-pospiesznym 65222 do Gdyni (osobowym najprawdopodobniej na odcinku do Jeleniej G\u00f3ry) przed odjazdem ze Szklarskiej Por\u0119by G\u00f3rnej. 15.06.2001<\/p>\n","protected":false},"author":1,"featured_media":19907,"comment_status":"open","ping_status":"","sticky":false,"template":"","format":"standard","meta":{"footnotes":""},"categories":[62,2,940],"tags":[2361,122,63,27,244,934,200],"class_list":["post-19906","post","type-post","status-publish","format-standard","has-post-thumbnail","hentry","category-analog","category-kolej","category-rok-2001","tag-2001-06-15","tag-eu07","tag-pkp","tag-polska","tag-skaly","tag-szklarska-poreba-gorna","tag-tab-pl240"],"_links":{"self":[{"href":"https:\/\/wgphoto.pl\/t\/index.php?rest_route=\/wp\/v2\/posts\/19906","targetHints":{"allow":["GET"]}}],"collection":[{"href":"https:\/\/wgphoto.pl\/t\/index.php?rest_route=\/wp\/v2\/posts"}],"about":[{"href":"https:\/\/wgphoto.pl\/t\/index.php?rest_route=\/wp\/v2\/types\/post"}],"author":[{"embeddable":true,"href":"https:\/\/wgphoto.pl\/t\/index.php?rest_route=\/wp\/v2\/users\/1"}],"replies":[{"embeddable":true,"href":"https:\/\/wgphoto.pl\/t\/index.php?rest_route=%2Fwp%2Fv2%2Fcomments&post=19906"}],"version-history":[{"count":1,"href":"https:\/\/wgphoto.pl\/t\/index.php?rest_route=\/wp\/v2\/posts\/19906\/revisions"}],"predecessor-version":[{"id":19908,"href":"https:\/\/wgphoto.pl\/t\/index.php?rest_route=\/wp\/v2\/posts\/19906\/revisions\/19908"}],"wp:featuredmedia":[{"embeddable":true,"href":"https:\/\/wgphoto.pl\/t\/index.php?rest_route=\/wp\/v2\/media\/19907"}],"wp:attachment":[{"href":"https:\/\/wgphoto.pl\/t\/index.php?rest_route=%2Fwp%2Fv2%2Fmedia&parent=19906"}],"wp:term":[{"taxonomy":"category","embeddable":true,"href":"https:\/\/wgphoto.pl\/t\/index.php?rest_route=%2Fwp%2Fv2%2Fcategories&post=19906"},{"taxonomy":"post_tag","embeddable":true,"href":"https:\/\/wgphoto.pl\/t\/index.php?rest_route=%2Fwp%2Fv2%2Ftags&post=19906"}],"curies":[{"name":"wp","href":"https:\/\/api.w.org\/{rel}","templated":true}]}}