{"id":19909,"date":"2025-07-06T20:34:59","date_gmt":"2025-07-06T18:34:59","guid":{"rendered":"https:\/\/wgphoto.pl\/t\/?p=19909"},"modified":"2025-07-06T20:34:59","modified_gmt":"2025-07-06T18:34:59","slug":"22","status":"publish","type":"post","link":"https:\/\/wgphoto.pl\/t\/?p=19909","title":{"rendered":"22"},"content":{"rendered":"\n<figure class=\"wp-block-image aligncenter size-full\"><img loading=\"lazy\" decoding=\"async\" width=\"1300\" height=\"867\" src=\"https:\/\/wgphoto.pl\/t\/wp-content\/uploads\/2025\/07\/1999f_2000a-14_rsn.jpg\" alt=\"\" class=\"wp-image-19910\" srcset=\"https:\/\/wgphoto.pl\/t\/wp-content\/uploads\/2025\/07\/1999f_2000a-14_rsn.jpg 1300w, https:\/\/wgphoto.pl\/t\/wp-content\/uploads\/2025\/07\/1999f_2000a-14_rsn-300x200.jpg 300w, https:\/\/wgphoto.pl\/t\/wp-content\/uploads\/2025\/07\/1999f_2000a-14_rsn-768x512.jpg 768w\" sizes=\"auto, (max-width: 1300px) 100vw, 1300px\" \/><\/figure>\n\n\n\n<div class=\"wp-block-group has-global-padding is-layout-constrained wp-block-group-is-layout-constrained\">\n<p>Wroc\u0142aw, zajezdnia Gaj. 105Na 2470+2471 jest ju\u017c przygotowany do wyjazdu na lini\u0119 22. 09.01.2000<\/p>\n<\/div>\n","protected":false},"excerpt":{"rendered":"<p>Wroc\u0142aw, zajezdnia Gaj. 105Na 2470+2471 jest ju\u017c przygotowany do wyjazdu na lini\u0119 22. 09.01.2000<\/p>\n","protected":false},"author":1,"featured_media":19910,"comment_status":"open","ping_status":"","sticky":false,"template":"","format":"standard","meta":{"footnotes":""},"categories":[62,1099,3],"tags":[155,4218,42,27,41,138],"class_list":["post-19909","post","type-post","status-publish","format-standard","has-post-thumbnail","hentry","category-analog","category-rok-2000","category-tramwaj","tag-105na","tag-2000-01-09","tag-mpk-wroclaw","tag-polska","tag-wroclaw","tag-zajezdnia"],"_links":{"self":[{"href":"https:\/\/wgphoto.pl\/t\/index.php?rest_route=\/wp\/v2\/posts\/19909","targetHints":{"allow":["GET"]}}],"collection":[{"href":"https:\/\/wgphoto.pl\/t\/index.php?rest_route=\/wp\/v2\/posts"}],"about":[{"href":"https:\/\/wgphoto.pl\/t\/index.php?rest_route=\/wp\/v2\/types\/post"}],"author":[{"embeddable":true,"href":"https:\/\/wgphoto.pl\/t\/index.php?rest_route=\/wp\/v2\/users\/1"}],"replies":[{"embeddable":true,"href":"https:\/\/wgphoto.pl\/t\/index.php?rest_route=%2Fwp%2Fv2%2Fcomments&post=19909"}],"version-history":[{"count":1,"href":"https:\/\/wgphoto.pl\/t\/index.php?rest_route=\/wp\/v2\/posts\/19909\/revisions"}],"predecessor-version":[{"id":19911,"href":"https:\/\/wgphoto.pl\/t\/index.php?rest_route=\/wp\/v2\/posts\/19909\/revisions\/19911"}],"wp:featuredmedia":[{"embeddable":true,"href":"https:\/\/wgphoto.pl\/t\/index.php?rest_route=\/wp\/v2\/media\/19910"}],"wp:attachment":[{"href":"https:\/\/wgphoto.pl\/t\/index.php?rest_route=%2Fwp%2Fv2%2Fmedia&parent=19909"}],"wp:term":[{"taxonomy":"category","embeddable":true,"href":"https:\/\/wgphoto.pl\/t\/index.php?rest_route=%2Fwp%2Fv2%2Fcategories&post=19909"},{"taxonomy":"post_tag","embeddable":true,"href":"https:\/\/wgphoto.pl\/t\/index.php?rest_route=%2Fwp%2Fv2%2Ftags&post=19909"}],"curies":[{"name":"wp","href":"https:\/\/api.w.org\/{rel}","templated":true}]}}