{"id":1991,"date":"2024-10-07T17:23:20","date_gmt":"2024-10-07T15:23:20","guid":{"rendered":"https:\/\/wgphoto.pl\/t\/?p=1991"},"modified":"2024-10-07T17:23:20","modified_gmt":"2024-10-07T15:23:20","slug":"mijanka-w-rokitkach","status":"publish","type":"post","link":"https:\/\/wgphoto.pl\/t\/?p=1991","title":{"rendered":"Mijanka w Rokitkach"},"content":{"rendered":"\n<figure class=\"wp-block-image aligncenter size-full\"><img loading=\"lazy\" decoding=\"async\" width=\"1300\" height=\"731\" src=\"https:\/\/wgphoto.pl\/t\/wp-content\/uploads\/2024\/10\/0426-36.jpg\" alt=\"\" class=\"wp-image-1992\" srcset=\"https:\/\/wgphoto.pl\/t\/wp-content\/uploads\/2024\/10\/0426-36.jpg 1300w, https:\/\/wgphoto.pl\/t\/wp-content\/uploads\/2024\/10\/0426-36-300x169.jpg 300w, https:\/\/wgphoto.pl\/t\/wp-content\/uploads\/2024\/10\/0426-36-768x432.jpg 768w\" sizes=\"auto, (max-width: 1300px) 100vw, 1300px\" \/><\/figure>\n\n\n\n<div class=\"wp-block-group has-global-padding is-layout-constrained wp-block-group-is-layout-constrained\">\n<p>Przez stacj\u0119 przeje\u017cd\u017ca IC 240\/37001 &#8222;Wawel&#8221; relacji Krak\u00f3w G\u0142. &#8211; Hamburg Altona z SU45-083 na czele, na zwolnienie szlaku do Mi\u0142kowic czeka poci\u0105g towarowy prowadzony ST43-366. 29.09.2004<\/p>\n<\/div>\n","protected":false},"excerpt":{"rendered":"<p>Przez stacj\u0119 przeje\u017cd\u017ca IC 240\/37001 &#8222;Wawel&#8221; relacji Krak\u00f3w G\u0142. &#8211; Hamburg Altona z SU45-083 na czele, na zwolnienie szlaku do Mi\u0142kowic czeka poci\u0105g towarowy prowadzony ST43-366. 29.09.2004<\/p>\n","protected":false},"author":1,"featured_media":1992,"comment_status":"open","ping_status":"","sticky":false,"template":"","format":"standard","meta":{"footnotes":""},"categories":[62,2,61],"tags":[357,13,389,63,27,65,64,290,53,356],"class_list":["post-1991","post","type-post","status-publish","format-standard","has-post-thumbnail","hentry","category-analog","category-kolej","category-rok-2004","tag-2004-09-29","tag-deszcz","tag-mijanka","tag-pkp","tag-polska","tag-rokitki","tag-st43","tag-su45","tag-sygnalizacja-ksztaltowa","tag-tab-pl270"],"_links":{"self":[{"href":"https:\/\/wgphoto.pl\/t\/index.php?rest_route=\/wp\/v2\/posts\/1991","targetHints":{"allow":["GET"]}}],"collection":[{"href":"https:\/\/wgphoto.pl\/t\/index.php?rest_route=\/wp\/v2\/posts"}],"about":[{"href":"https:\/\/wgphoto.pl\/t\/index.php?rest_route=\/wp\/v2\/types\/post"}],"author":[{"embeddable":true,"href":"https:\/\/wgphoto.pl\/t\/index.php?rest_route=\/wp\/v2\/users\/1"}],"replies":[{"embeddable":true,"href":"https:\/\/wgphoto.pl\/t\/index.php?rest_route=%2Fwp%2Fv2%2Fcomments&post=1991"}],"version-history":[{"count":1,"href":"https:\/\/wgphoto.pl\/t\/index.php?rest_route=\/wp\/v2\/posts\/1991\/revisions"}],"predecessor-version":[{"id":1993,"href":"https:\/\/wgphoto.pl\/t\/index.php?rest_route=\/wp\/v2\/posts\/1991\/revisions\/1993"}],"wp:featuredmedia":[{"embeddable":true,"href":"https:\/\/wgphoto.pl\/t\/index.php?rest_route=\/wp\/v2\/media\/1992"}],"wp:attachment":[{"href":"https:\/\/wgphoto.pl\/t\/index.php?rest_route=%2Fwp%2Fv2%2Fmedia&parent=1991"}],"wp:term":[{"taxonomy":"category","embeddable":true,"href":"https:\/\/wgphoto.pl\/t\/index.php?rest_route=%2Fwp%2Fv2%2Fcategories&post=1991"},{"taxonomy":"post_tag","embeddable":true,"href":"https:\/\/wgphoto.pl\/t\/index.php?rest_route=%2Fwp%2Fv2%2Ftags&post=1991"}],"curies":[{"name":"wp","href":"https:\/\/api.w.org\/{rel}","templated":true}]}}