{"id":19912,"date":"2025-07-06T20:35:55","date_gmt":"2025-07-06T18:35:55","guid":{"rendered":"https:\/\/wgphoto.pl\/t\/?p=19912"},"modified":"2025-07-06T20:35:55","modified_gmt":"2025-07-06T18:35:55","slug":"kolorowe-lata-90-te","status":"publish","type":"post","link":"https:\/\/wgphoto.pl\/t\/?p=19912","title":{"rendered":"Kolorowe lata 90-te"},"content":{"rendered":"\n<figure class=\"wp-block-image aligncenter size-full\"><img loading=\"lazy\" decoding=\"async\" width=\"750\" height=\"1000\" src=\"https:\/\/wgphoto.pl\/t\/wp-content\/uploads\/2025\/07\/1999d-37_rsn.jpg\" alt=\"\" class=\"wp-image-19913\" srcset=\"https:\/\/wgphoto.pl\/t\/wp-content\/uploads\/2025\/07\/1999d-37_rsn.jpg 750w, https:\/\/wgphoto.pl\/t\/wp-content\/uploads\/2025\/07\/1999d-37_rsn-225x300.jpg 225w\" sizes=\"auto, (max-width: 750px) 100vw, 750px\" \/><\/figure>\n\n\n\n<div class=\"wp-block-group has-global-padding is-layout-constrained wp-block-group-is-layout-constrained\">\n<p>EN57-920 zje\u017cd\u017ca do szopy we Wroc\u0142awiu G\u0142\u00f3wnym. 12.08.1999<\/p>\n<\/div>\n","protected":false},"excerpt":{"rendered":"<p>EN57-920 zje\u017cd\u017ca do szopy we Wroc\u0142awiu G\u0142\u00f3wnym. 12.08.1999<\/p>\n","protected":false},"author":1,"featured_media":19913,"comment_status":"open","ping_status":"","sticky":false,"template":"","format":"standard","meta":{"footnotes":""},"categories":[62,2,128,2769],"tags":[4219,132,173,63,27,231,41,180],"class_list":["post-19912","post","type-post","status-publish","format-standard","has-post-thumbnail","hentry","category-analog","category-kolej","category-pionowe","category-rok-1999","tag-1999-08-12","tag-en57","tag-koncowki","tag-pkp","tag-polska","tag-wieza-cisnien","tag-wroclaw","tag-wroclaw-glowny"],"_links":{"self":[{"href":"https:\/\/wgphoto.pl\/t\/index.php?rest_route=\/wp\/v2\/posts\/19912","targetHints":{"allow":["GET"]}}],"collection":[{"href":"https:\/\/wgphoto.pl\/t\/index.php?rest_route=\/wp\/v2\/posts"}],"about":[{"href":"https:\/\/wgphoto.pl\/t\/index.php?rest_route=\/wp\/v2\/types\/post"}],"author":[{"embeddable":true,"href":"https:\/\/wgphoto.pl\/t\/index.php?rest_route=\/wp\/v2\/users\/1"}],"replies":[{"embeddable":true,"href":"https:\/\/wgphoto.pl\/t\/index.php?rest_route=%2Fwp%2Fv2%2Fcomments&post=19912"}],"version-history":[{"count":1,"href":"https:\/\/wgphoto.pl\/t\/index.php?rest_route=\/wp\/v2\/posts\/19912\/revisions"}],"predecessor-version":[{"id":19914,"href":"https:\/\/wgphoto.pl\/t\/index.php?rest_route=\/wp\/v2\/posts\/19912\/revisions\/19914"}],"wp:featuredmedia":[{"embeddable":true,"href":"https:\/\/wgphoto.pl\/t\/index.php?rest_route=\/wp\/v2\/media\/19913"}],"wp:attachment":[{"href":"https:\/\/wgphoto.pl\/t\/index.php?rest_route=%2Fwp%2Fv2%2Fmedia&parent=19912"}],"wp:term":[{"taxonomy":"category","embeddable":true,"href":"https:\/\/wgphoto.pl\/t\/index.php?rest_route=%2Fwp%2Fv2%2Fcategories&post=19912"},{"taxonomy":"post_tag","embeddable":true,"href":"https:\/\/wgphoto.pl\/t\/index.php?rest_route=%2Fwp%2Fv2%2Ftags&post=19912"}],"curies":[{"name":"wp","href":"https:\/\/api.w.org\/{rel}","templated":true}]}}