{"id":19921,"date":"2025-07-06T20:38:42","date_gmt":"2025-07-06T18:38:42","guid":{"rendered":"https:\/\/wgphoto.pl\/t\/?p=19921"},"modified":"2025-07-06T20:38:42","modified_gmt":"2025-07-06T18:38:42","slug":"kg2","status":"publish","type":"post","link":"https:\/\/wgphoto.pl\/t\/?p=19921","title":{"rendered":"KG2"},"content":{"rendered":"\n<figure class=\"wp-block-image aligncenter size-full\"><img loading=\"lazy\" decoding=\"async\" width=\"1299\" height=\"847\" src=\"https:\/\/wgphoto.pl\/t\/wp-content\/uploads\/2025\/07\/0521-37.jpg\" alt=\"\" class=\"wp-image-19922\" srcset=\"https:\/\/wgphoto.pl\/t\/wp-content\/uploads\/2025\/07\/0521-37.jpg 1299w, https:\/\/wgphoto.pl\/t\/wp-content\/uploads\/2025\/07\/0521-37-300x196.jpg 300w, https:\/\/wgphoto.pl\/t\/wp-content\/uploads\/2025\/07\/0521-37-768x501.jpg 768w\" sizes=\"auto, (max-width: 1299px) 100vw, 1299px\" \/><\/figure>\n\n\n\n<div class=\"wp-block-group has-global-padding is-layout-constrained wp-block-group-is-layout-constrained\">\n<p>SU42-530 mija nastawni\u0119 wykonawcz\u0105 KG2 w K\u0142odzku G\u0142\u00f3wnym z poci\u0105giem 66522 z Kudowy-Zdroju do Helu. Na odcinku z Kudowy do K\u0142odzka sk\u0142ad jecha\u0142 jako osobowy. 17.08.2005<\/p>\n<\/div>\n","protected":false},"excerpt":{"rendered":"<p>SU42-530 mija nastawni\u0119 wykonawcz\u0105 KG2 w K\u0142odzku G\u0142\u00f3wnym z poci\u0105giem 66522 z Kudowy-Zdroju do Helu. Na odcinku z Kudowy do K\u0142odzka sk\u0142ad jecha\u0142 jako osobowy. 17.08.2005<\/p>\n","protected":false},"author":1,"featured_media":19922,"comment_status":"open","ping_status":"","sticky":false,"template":"","format":"standard","meta":{"footnotes":""},"categories":[62,2,311],"tags":[1965,2392,63,27,250,383],"class_list":["post-19921","post","type-post","status-publish","format-standard","has-post-thumbnail","hentry","category-analog","category-kolej","category-rok-2005","tag-2005-08-17","tag-klodzko-glowne","tag-pkp","tag-polska","tag-su42","tag-tab-pl230"],"_links":{"self":[{"href":"https:\/\/wgphoto.pl\/t\/index.php?rest_route=\/wp\/v2\/posts\/19921","targetHints":{"allow":["GET"]}}],"collection":[{"href":"https:\/\/wgphoto.pl\/t\/index.php?rest_route=\/wp\/v2\/posts"}],"about":[{"href":"https:\/\/wgphoto.pl\/t\/index.php?rest_route=\/wp\/v2\/types\/post"}],"author":[{"embeddable":true,"href":"https:\/\/wgphoto.pl\/t\/index.php?rest_route=\/wp\/v2\/users\/1"}],"replies":[{"embeddable":true,"href":"https:\/\/wgphoto.pl\/t\/index.php?rest_route=%2Fwp%2Fv2%2Fcomments&post=19921"}],"version-history":[{"count":1,"href":"https:\/\/wgphoto.pl\/t\/index.php?rest_route=\/wp\/v2\/posts\/19921\/revisions"}],"predecessor-version":[{"id":19923,"href":"https:\/\/wgphoto.pl\/t\/index.php?rest_route=\/wp\/v2\/posts\/19921\/revisions\/19923"}],"wp:featuredmedia":[{"embeddable":true,"href":"https:\/\/wgphoto.pl\/t\/index.php?rest_route=\/wp\/v2\/media\/19922"}],"wp:attachment":[{"href":"https:\/\/wgphoto.pl\/t\/index.php?rest_route=%2Fwp%2Fv2%2Fmedia&parent=19921"}],"wp:term":[{"taxonomy":"category","embeddable":true,"href":"https:\/\/wgphoto.pl\/t\/index.php?rest_route=%2Fwp%2Fv2%2Fcategories&post=19921"},{"taxonomy":"post_tag","embeddable":true,"href":"https:\/\/wgphoto.pl\/t\/index.php?rest_route=%2Fwp%2Fv2%2Ftags&post=19921"}],"curies":[{"name":"wp","href":"https:\/\/api.w.org\/{rel}","templated":true}]}}