{"id":19924,"date":"2025-07-06T20:39:41","date_gmt":"2025-07-06T18:39:41","guid":{"rendered":"https:\/\/wgphoto.pl\/t\/?p=19924"},"modified":"2025-07-06T20:48:56","modified_gmt":"2025-07-06T18:48:56","slug":"barowa-pogoda","status":"publish","type":"post","link":"https:\/\/wgphoto.pl\/t\/?p=19924","title":{"rendered":"Barowa pogoda"},"content":{"rendered":"\n<figure class=\"wp-block-image aligncenter size-full\"><img loading=\"lazy\" decoding=\"async\" width=\"1300\" height=\"861\" src=\"https:\/\/wgphoto.pl\/t\/wp-content\/uploads\/2025\/07\/IMGP3379.jpg\" alt=\"\" class=\"wp-image-19925\" srcset=\"https:\/\/wgphoto.pl\/t\/wp-content\/uploads\/2025\/07\/IMGP3379.jpg 1300w, https:\/\/wgphoto.pl\/t\/wp-content\/uploads\/2025\/07\/IMGP3379-300x199.jpg 300w, https:\/\/wgphoto.pl\/t\/wp-content\/uploads\/2025\/07\/IMGP3379-768x509.jpg 768w\" sizes=\"auto, (max-width: 1300px) 100vw, 1300px\" \/><\/figure>\n\n\n\n<div class=\"wp-block-group has-global-padding is-layout-constrained wp-block-group-is-layout-constrained\">\n<p>\u0160koda Artic jest doskonale wyposa\u017cona na tak\u0105 barow\u0105 pogod\u0119, posiada bowiem stoliki. Sch\u00f6neiche lub R\u00fcdersdorf, 15.09.2021<\/p>\n<\/div>\n","protected":false},"excerpt":{"rendered":"<p>\u0160koda Artic jest doskonale wyposa\u017cona na tak\u0105 barow\u0105 pogod\u0119, posiada bowiem stoliki. Sch\u00f6neiche lub R\u00fcdersdorf, 15.09.2021<\/p>\n","protected":false},"author":1,"featured_media":19925,"comment_status":"open","ping_status":"","sticky":false,"template":"","format":"standard","meta":{"footnotes":""},"categories":[220,681,3],"tags":[2579,639,13,23,2202,3294,4223,2820,561,454],"class_list":["post-19924","post","type-post","status-publish","format-standard","has-post-thumbnail","hentry","category-blo","category-rok-2021","category-tramwaj","tag-2021-09-15","tag-berlin","tag-deszcz","tag-niemcy","tag-niemieckie-wakacje-2021","tag-rudersdorf-bei-berlin","tag-skoda-artic","tag-srs-schoneiche","tag-tramwaj-podmiejski","tag-wnetrza-pojazdow"],"_links":{"self":[{"href":"https:\/\/wgphoto.pl\/t\/index.php?rest_route=\/wp\/v2\/posts\/19924","targetHints":{"allow":["GET"]}}],"collection":[{"href":"https:\/\/wgphoto.pl\/t\/index.php?rest_route=\/wp\/v2\/posts"}],"about":[{"href":"https:\/\/wgphoto.pl\/t\/index.php?rest_route=\/wp\/v2\/types\/post"}],"author":[{"embeddable":true,"href":"https:\/\/wgphoto.pl\/t\/index.php?rest_route=\/wp\/v2\/users\/1"}],"replies":[{"embeddable":true,"href":"https:\/\/wgphoto.pl\/t\/index.php?rest_route=%2Fwp%2Fv2%2Fcomments&post=19924"}],"version-history":[{"count":1,"href":"https:\/\/wgphoto.pl\/t\/index.php?rest_route=\/wp\/v2\/posts\/19924\/revisions"}],"predecessor-version":[{"id":19926,"href":"https:\/\/wgphoto.pl\/t\/index.php?rest_route=\/wp\/v2\/posts\/19924\/revisions\/19926"}],"wp:featuredmedia":[{"embeddable":true,"href":"https:\/\/wgphoto.pl\/t\/index.php?rest_route=\/wp\/v2\/media\/19925"}],"wp:attachment":[{"href":"https:\/\/wgphoto.pl\/t\/index.php?rest_route=%2Fwp%2Fv2%2Fmedia&parent=19924"}],"wp:term":[{"taxonomy":"category","embeddable":true,"href":"https:\/\/wgphoto.pl\/t\/index.php?rest_route=%2Fwp%2Fv2%2Fcategories&post=19924"},{"taxonomy":"post_tag","embeddable":true,"href":"https:\/\/wgphoto.pl\/t\/index.php?rest_route=%2Fwp%2Fv2%2Ftags&post=19924"}],"curies":[{"name":"wp","href":"https:\/\/api.w.org\/{rel}","templated":true}]}}